{"id":83407,"date":"2024-10-24T15:42:04","date_gmt":"2024-10-24T20:42:04","guid":{"rendered":"https:\/\/www.interaccionnoticias.com.mx\/?p=83407"},"modified":"2024-10-24T15:42:07","modified_gmt":"2024-10-24T20:42:07","slug":"ningun-grupo-parlamentario-ha-solicitado-la-comparecencia-del-titular-de-la-fge-ante-el-congreso-local","status":"publish","type":"post","link":"https:\/\/www.interaccionnoticias.com.mx\/?p=83407","title":{"rendered":"Ning\u00fan Grupo Parlamentario ha solicitado la comparecencia del titular de la FGE ante el Congreso local"},"content":{"rendered":"\n<p><strong><em>&#8212; Aunque no hay cerraz\u00f3n para considerar dicha actividad, sostiene el presidente de la JUCOPO, Jes\u00fas Uriostegui Garc\u00eda<br>&#8212; Plantea dar el espacio necesario para que el \u00f3rgano encargado de investigar los delitos realice su trabajo<\/em><\/strong><\/p>\n\n\n\n<p><strong>Rogelio Agust\u00edn<\/strong><\/p>\n\n\n\n<p>Hasta el momento, ning\u00fan Grupo Parlamentario ni representaci\u00f3n de partido ha solicitado la comparecencia del titular de la Fiscal\u00eda General del Estado (FGE) ante el Congreso del Estado, aunque dicha posibilidad no es algo que est\u00e9 completamente descartada.<\/p>\n\n\n\n<p>Jes\u00fas Uri\u00f3stegui Garc\u00eda, presidente de la Junta de Coordinaci\u00f3n Pol\u00edtica (JUCOPO) del Congreso local, se\u00f1al\u00f3 que a pesar de que hay grupos parlamentarios que han declarado ante diferentes medios de comunicaci\u00f3n, as\u00ed como en diferentes manifestaciones p\u00fablicas, la posibilidad de llamar a comparecer al titular de la FGE, Zipacn\u00e1 Jes\u00fas Torres Ojeda, hasta el momento nadie lo ha hecho de manera formal ante la Junta de Coordinaci\u00f3n Pol\u00edtica (JUCOPO).<\/p>\n\n\n\n<p>\u201cHasta este momento no tenemos ninguna solicitud expresa, de ninguna bancada para este acontecimiento, me lo han venido comentando\u201d, anot\u00f3 el tambi\u00e9n coordinador parlamentario de MORENA.<\/p>\n\n\n\n<p>Sin embargo, no descart\u00f3 la posibilidad de que el asunto sea retomado, m\u00e1s a\u00fan, cuando se est\u00e1 en la v\u00edspera de que se calendaricen las comparecencias de los integrantes del gabinete estatal, en el marco de la glosa del Tercer Informe de Gobierno, entregado el pasado 15 de octubre.<\/p>\n\n\n\n<p>La FGE es un \u00f3rgano aut\u00f3nomo que no forma parte de la estructura del Gobierno de Guerrero, aunque el nombramiento de su titular deriva de una convocatoria emitida por el Congreso del Estado.<\/p>\n\n\n\n<p>El presidente de la JUCOPO considera que primero se debe dar el margen de tiempo necesario para que la FGE realice el trabajo que le corresponde, que es el de la investigaci\u00f3n de los delitos.<\/p>\n\n\n\n<p>\u201cNo podemos citarlo si no hay ning\u00fan avance y tampoco en tan corto tiempo\u201d, destac\u00f3.<\/p>\n\n\n\n<p>No obstante, reconoci\u00f3 que no se debe descartar plenamente dicha posibilidad, aunque eso no implica mantener alguna actitud protectora hacia el titular de la FGE.<\/p>\n\n\n\n<p>En todo caso, destac\u00f3 que lo conveniente es esperar a que haya condiciones para dicha comparecencia.<\/p>\n","protected":false},"excerpt":{"rendered":"<p>&#8212; Aunque no hay cerraz\u00f3n para considerar dicha actividad, sostiene el presidente de la JUCOPO, Jes\u00fas Uriostegui Garc\u00eda&#8212; Plantea dar el espacio necesario para que el \u00f3rgano encargado de investigar&hellip; <\/p>\n","protected":false},"author":21,"featured_media":83408,"comment_status":"open","ping_status":"open","sticky":false,"template":"","format":"standard","meta":{"fifu_image_url":"","fifu_image_alt":"","footnotes":""},"categories":[2],"tags":[],"class_list":["post-83407","post","type-post","status-publish","format-standard","has-post-thumbnail","hentry","category-congreso"],"_links":{"self":[{"href":"https:\/\/www.interaccionnoticias.com.mx\/index.php?rest_route=\/wp\/v2\/posts\/83407","targetHints":{"allow":["GET"]}}],"collection":[{"href":"https:\/\/www.interaccionnoticias.com.mx\/index.php?rest_route=\/wp\/v2\/posts"}],"about":[{"href":"https:\/\/www.interaccionnoticias.com.mx\/index.php?rest_route=\/wp\/v2\/types\/post"}],"author":[{"embeddable":true,"href":"https:\/\/www.interaccionnoticias.com.mx\/index.php?rest_route=\/wp\/v2\/users\/21"}],"replies":[{"embeddable":true,"href":"https:\/\/www.interaccionnoticias.com.mx\/index.php?rest_route=%2Fwp%2Fv2%2Fcomments&post=83407"}],"version-history":[{"count":1,"href":"https:\/\/www.interaccionnoticias.com.mx\/index.php?rest_route=\/wp\/v2\/posts\/83407\/revisions"}],"predecessor-version":[{"id":83409,"href":"https:\/\/www.interaccionnoticias.com.mx\/index.php?rest_route=\/wp\/v2\/posts\/83407\/revisions\/83409"}],"wp:featuredmedia":[{"embeddable":true,"href":"https:\/\/www.interaccionnoticias.com.mx\/index.php?rest_route=\/wp\/v2\/media\/83408"}],"wp:attachment":[{"href":"https:\/\/www.interaccionnoticias.com.mx\/index.php?rest_route=%2Fwp%2Fv2%2Fmedia&parent=83407"}],"wp:term":[{"taxonomy":"category","embeddable":true,"href":"https:\/\/www.interaccionnoticias.com.mx\/index.php?rest_route=%2Fwp%2Fv2%2Fcategories&post=83407"},{"taxonomy":"post_tag","embeddable":true,"href":"https:\/\/www.interaccionnoticias.com.mx\/index.php?rest_route=%2Fwp%2Fv2%2Ftags&post=83407"}],"curies":[{"name":"wp","href":"https:\/\/api.w.org\/{rel}","templated":true}]}}