{"id":8336,"date":"2017-09-21T16:46:16","date_gmt":"2017-09-21T21:46:16","guid":{"rendered":"http:\/\/www.inter-accion.com.mx\/?p=8336"},"modified":"2017-09-21T16:46:16","modified_gmt":"2017-09-21T21:46:16","slug":"marcha-y-protesta-de-los-normalistas-en-acapulco","status":"publish","type":"post","link":"https:\/\/www.interaccionnoticias.com.mx\/?p=8336","title":{"rendered":"Marcha y protesta de los normalistas en Acapulco"},"content":{"rendered":"<p><br \/>\n<strong>Acapulco, Gro.-<\/strong>&nbsp; Normalistas marcharon al aeropuerto internacional \u00abJuan \u00c1lvarez\u00bb, y se manifestaron exigiendo a la PGR abran cuatro l\u00edneas de investigaci\u00f3n en torno a la desaparici\u00f3n de 43 estudiantes de la normal rural de Ayotzinapa, \u00abRa\u00fal Isidro Burgos\u00bb.<br \/>\nA casi tres a\u00f1os de la desaparici\u00f3n de los 43 normalistas, acusan que el gobierno federal hasta la fecha no han detenido a los culpables.<br \/>\nAseguran que para encontrar la verdad y la&nbsp; justicia es necesario investigar a militares, a los agentes de la Policias Federales y Ministeriales de Huitzuco; la telefon\u00eda celular y la ruta del trasiego de la droga de Iguala a Chicago.<br \/>\nEran m\u00e1s de 600 estudiantes que llegaron al bulevar de Las Naciones y marcharon por la vialidad, lanzando consignas, hasta llegar al aeropuerto donde realizaron un mitin.<br \/>\nLos turistas y pasajeros que iban llegando salieron espantados, abordaron veh\u00edculos del Servicio P\u00fablico y se retiraron; aunque les aclararon que ven\u00edan en son de paz y que no habr\u00eda violencia.<br \/>\nEl vocero de los padres de familia de los normalistas, Felipe de la Cruz, demand\u00f3 al gobierno federal y la Procuradur\u00eda General de la Rep\u00fablica investigar cuatro l\u00edneas que podr\u00edan esclarecer el paradero de los estudiantes.<br \/>\nCon fotograf\u00edas y mantas con leyendas se apostaron afuera de la terminal a\u00e9rea y se manifestaron.<br \/>\n\u00abPorque un vivos se los llevaron, vivos los queremos\u00bb, otra m\u00e1s que dice \u00abAhora, ahora se hace indispensable presentaci\u00f3n con vida y castigo a los culpables\u00bb, eran algunas de las consignas que gritaban los alumnos y un grupo de padres de familia que marchaban con las fotograf\u00edas de sus hijos.<\/p>\n","protected":false},"excerpt":{"rendered":"<p>Acapulco, Gro.-&nbsp; Normalistas marcharon al aeropuerto internacional \u00abJuan \u00c1lvarez\u00bb, y se manifestaron exigiendo a la PGR abran cuatro l\u00edneas de investigaci\u00f3n en torno a la desaparici\u00f3n de 43 estudiantes de&hellip; <\/p>\n","protected":false},"author":1,"featured_media":0,"comment_status":"closed","ping_status":"closed","sticky":false,"template":"","format":"standard","meta":{"fifu_image_url":"","fifu_image_alt":"","footnotes":""},"categories":[8,15],"tags":[],"class_list":["post-8336","post","type-post","status-publish","format-standard","hentry","category-featured","category-movimientos-sociales"],"_links":{"self":[{"href":"https:\/\/www.interaccionnoticias.com.mx\/index.php?rest_route=\/wp\/v2\/posts\/8336","targetHints":{"allow":["GET"]}}],"collection":[{"href":"https:\/\/www.interaccionnoticias.com.mx\/index.php?rest_route=\/wp\/v2\/posts"}],"about":[{"href":"https:\/\/www.interaccionnoticias.com.mx\/index.php?rest_route=\/wp\/v2\/types\/post"}],"author":[{"embeddable":true,"href":"https:\/\/www.interaccionnoticias.com.mx\/index.php?rest_route=\/wp\/v2\/users\/1"}],"replies":[{"embeddable":true,"href":"https:\/\/www.interaccionnoticias.com.mx\/index.php?rest_route=%2Fwp%2Fv2%2Fcomments&post=8336"}],"version-history":[{"count":0,"href":"https:\/\/www.interaccionnoticias.com.mx\/index.php?rest_route=\/wp\/v2\/posts\/8336\/revisions"}],"wp:attachment":[{"href":"https:\/\/www.interaccionnoticias.com.mx\/index.php?rest_route=%2Fwp%2Fv2%2Fmedia&parent=8336"}],"wp:term":[{"taxonomy":"category","embeddable":true,"href":"https:\/\/www.interaccionnoticias.com.mx\/index.php?rest_route=%2Fwp%2Fv2%2Fcategories&post=8336"},{"taxonomy":"post_tag","embeddable":true,"href":"https:\/\/www.interaccionnoticias.com.mx\/index.php?rest_route=%2Fwp%2Fv2%2Ftags&post=8336"}],"curies":[{"name":"wp","href":"https:\/\/api.w.org\/{rel}","templated":true}]}}