{"id":83320,"date":"2024-10-22T23:57:48","date_gmt":"2024-10-23T04:57:48","guid":{"rendered":"https:\/\/www.interaccionnoticias.com.mx\/?p=83320"},"modified":"2024-10-22T23:57:50","modified_gmt":"2024-10-23T04:57:50","slug":"detienen-a-tres-hombres-por-su-posible-participacion-en-el-delito-de-homicidio-calificado","status":"publish","type":"post","link":"https:\/\/www.interaccionnoticias.com.mx\/?p=83320","title":{"rendered":"Detienen a tres hombres por su posible participaci\u00f3n en el delito de homicidio calificado"},"content":{"rendered":"\n<p><strong><em>&#8212; El crimen se registr\u00f3 en Eduardo Neri, en septiembre del presente a\u00f1o<\/em><\/strong><\/p>\n\n\n\n<p><strong>Rogelio Agust\u00edn<\/strong><\/p>\n\n\n\n<p>La Fiscal\u00eda General del Estado (FGE) confirm\u00f3 la detenci\u00f3n de tres hombres que al parecer se encuentran relacionados con el delito de homicidio calificado, mismo que se cometi\u00f3 en el mes de septiembre en el municipio de Eduardo Neri.<\/p>\n\n\n\n<p>Los detenidos por elementos de la Polic\u00eda Investigadora Ministerial (PIM) son Juan \u201cN\u201d, Francisco \u201cN\u201d y Jared \u201cN\u201d, quienes fueron intereptados en calles de la cabecera municipal de Chilpancingo, donde se les notific\u00f3 del mandamiento judicial en su contra, para luego ser trasladados ante el Juez de Control que los requer\u00eda.<\/p>\n\n\n\n<p>La FGE indic\u00f3 que derivado de las investigaciones realizadas por el Ministerio P\u00fablico, hubo elementos para establecer la posible participaci\u00f3n de los ahora aprehendidos en un homicidio calificado comtido en agravio de Carlos \u201cN\u201d, el 22 de septiembre del presente a\u00f1o, en una zona despoblada pr\u00f3xima a la carretera Chilpancingo-Iguala, en el municipio de Eduardo Neri.<\/p>\n\n\n\n<p>Eduardo Neri, donde se cometi\u00f3 el crimen se ubica aproximadamente a 15 minutos de Chilpancingo, donde los presuntos homicidas fueron capturados.<\/p>\n","protected":false},"excerpt":{"rendered":"<p>&#8212; El crimen se registr\u00f3 en Eduardo Neri, en septiembre del presente a\u00f1o Rogelio Agust\u00edn La Fiscal\u00eda General del Estado (FGE) confirm\u00f3 la detenci\u00f3n de tres hombres que al parecer&hellip; <\/p>\n","protected":false},"author":21,"featured_media":83321,"comment_status":"open","ping_status":"open","sticky":false,"template":"","format":"standard","meta":{"fifu_image_url":"","fifu_image_alt":"","footnotes":""},"categories":[27],"tags":[],"class_list":["post-83320","post","type-post","status-publish","format-standard","has-post-thumbnail","hentry","category-seguridad-publica"],"_links":{"self":[{"href":"https:\/\/www.interaccionnoticias.com.mx\/index.php?rest_route=\/wp\/v2\/posts\/83320","targetHints":{"allow":["GET"]}}],"collection":[{"href":"https:\/\/www.interaccionnoticias.com.mx\/index.php?rest_route=\/wp\/v2\/posts"}],"about":[{"href":"https:\/\/www.interaccionnoticias.com.mx\/index.php?rest_route=\/wp\/v2\/types\/post"}],"author":[{"embeddable":true,"href":"https:\/\/www.interaccionnoticias.com.mx\/index.php?rest_route=\/wp\/v2\/users\/21"}],"replies":[{"embeddable":true,"href":"https:\/\/www.interaccionnoticias.com.mx\/index.php?rest_route=%2Fwp%2Fv2%2Fcomments&post=83320"}],"version-history":[{"count":1,"href":"https:\/\/www.interaccionnoticias.com.mx\/index.php?rest_route=\/wp\/v2\/posts\/83320\/revisions"}],"predecessor-version":[{"id":83322,"href":"https:\/\/www.interaccionnoticias.com.mx\/index.php?rest_route=\/wp\/v2\/posts\/83320\/revisions\/83322"}],"wp:featuredmedia":[{"embeddable":true,"href":"https:\/\/www.interaccionnoticias.com.mx\/index.php?rest_route=\/wp\/v2\/media\/83321"}],"wp:attachment":[{"href":"https:\/\/www.interaccionnoticias.com.mx\/index.php?rest_route=%2Fwp%2Fv2%2Fmedia&parent=83320"}],"wp:term":[{"taxonomy":"category","embeddable":true,"href":"https:\/\/www.interaccionnoticias.com.mx\/index.php?rest_route=%2Fwp%2Fv2%2Fcategories&post=83320"},{"taxonomy":"post_tag","embeddable":true,"href":"https:\/\/www.interaccionnoticias.com.mx\/index.php?rest_route=%2Fwp%2Fv2%2Ftags&post=83320"}],"curies":[{"name":"wp","href":"https:\/\/api.w.org\/{rel}","templated":true}]}}