{"id":83283,"date":"2024-10-22T15:11:23","date_gmt":"2024-10-22T20:11:23","guid":{"rendered":"https:\/\/www.interaccionnoticias.com.mx\/?p=83283"},"modified":"2024-10-22T15:11:26","modified_gmt":"2024-10-22T20:11:26","slug":"denuncia-pri-guerrero-falta-de-pago-de-prerrogativas-por-parte-del-iepc","status":"publish","type":"post","link":"https:\/\/www.interaccionnoticias.com.mx\/?p=83283","title":{"rendered":"Denuncia PRI Guerrero falta de pago de prerrogativas por parte del IEPC"},"content":{"rendered":"\n<p><em><strong>&#8212; El l\u00edder del PRI, Alejandro Bravo Abarca mencion\u00f3 que son 200 trabajadores los que llevan dos meses sin salario<\/strong><\/em><\/p>\n\n\n\n<p><strong>Yasm\u00edn Garc\u00eda<\/strong><\/p>\n\n\n\n<p>La dirigencia estatal del PRI exigi\u00f3 al Instituto Electoral y de Participaci\u00f3n Ciudadana (IEPC) de Guerrero el pago de dos meses de prerrogativas.<\/p>\n\n\n\n<p>En conferencia de prensa en el Congreso local, Alejandro Bravo Abarca, l\u00edder del PRI en Guerrero y coordinador del Grupo Parlamentario del PRI, acompa\u00f1ado del los diputados locales del PRI, denunciaron que la falta del pago de prerrogativas afecta a 200 trabajadores que se han quedado sin salarios.<\/p>\n\n\n\n<p>Asegur\u00f3 que son los empleados los m\u00e1s afectados por esta situaci\u00f3n, adem\u00e1s de que debido a la falta de recursos, se mantienen suspendidas las actividades partidistas.<\/p>\n\n\n\n<p>De acuerdo con Bravo Abarca, el partido recibe aproximadamente un mill\u00f3n de pesos de ministraci\u00f3n mensual por parte del IEPC.<\/p>\n\n\n\n<p>Tambi\u00e9n, se\u00f1alaron que la bancada realizar\u00e1 los an\u00e1lisis correspondientes para solicitar al Congreso de la Uni\u00f3n que se establezcan las partidas necesarias para atender los efectos del hurac\u00e1n John en Guerrero.<\/p>\n","protected":false},"excerpt":{"rendered":"<p>&#8212; El l\u00edder del PRI, Alejandro Bravo Abarca mencion\u00f3 que son 200 trabajadores los que llevan dos meses sin salario Yasm\u00edn Garc\u00eda La dirigencia estatal del PRI exigi\u00f3 al Instituto&hellip; <\/p>\n","protected":false},"author":32,"featured_media":83284,"comment_status":"open","ping_status":"open","sticky":false,"template":"","format":"standard","meta":{"fifu_image_url":"","fifu_image_alt":"","footnotes":""},"categories":[17],"tags":[],"class_list":["post-83283","post","type-post","status-publish","format-standard","has-post-thumbnail","hentry","category-organos-electorales"],"_links":{"self":[{"href":"https:\/\/www.interaccionnoticias.com.mx\/index.php?rest_route=\/wp\/v2\/posts\/83283","targetHints":{"allow":["GET"]}}],"collection":[{"href":"https:\/\/www.interaccionnoticias.com.mx\/index.php?rest_route=\/wp\/v2\/posts"}],"about":[{"href":"https:\/\/www.interaccionnoticias.com.mx\/index.php?rest_route=\/wp\/v2\/types\/post"}],"author":[{"embeddable":true,"href":"https:\/\/www.interaccionnoticias.com.mx\/index.php?rest_route=\/wp\/v2\/users\/32"}],"replies":[{"embeddable":true,"href":"https:\/\/www.interaccionnoticias.com.mx\/index.php?rest_route=%2Fwp%2Fv2%2Fcomments&post=83283"}],"version-history":[{"count":1,"href":"https:\/\/www.interaccionnoticias.com.mx\/index.php?rest_route=\/wp\/v2\/posts\/83283\/revisions"}],"predecessor-version":[{"id":83285,"href":"https:\/\/www.interaccionnoticias.com.mx\/index.php?rest_route=\/wp\/v2\/posts\/83283\/revisions\/83285"}],"wp:featuredmedia":[{"embeddable":true,"href":"https:\/\/www.interaccionnoticias.com.mx\/index.php?rest_route=\/wp\/v2\/media\/83284"}],"wp:attachment":[{"href":"https:\/\/www.interaccionnoticias.com.mx\/index.php?rest_route=%2Fwp%2Fv2%2Fmedia&parent=83283"}],"wp:term":[{"taxonomy":"category","embeddable":true,"href":"https:\/\/www.interaccionnoticias.com.mx\/index.php?rest_route=%2Fwp%2Fv2%2Fcategories&post=83283"},{"taxonomy":"post_tag","embeddable":true,"href":"https:\/\/www.interaccionnoticias.com.mx\/index.php?rest_route=%2Fwp%2Fv2%2Ftags&post=83283"}],"curies":[{"name":"wp","href":"https:\/\/api.w.org\/{rel}","templated":true}]}}