{"id":83268,"date":"2024-10-22T12:20:48","date_gmt":"2024-10-22T17:20:48","guid":{"rendered":"https:\/\/www.interaccionnoticias.com.mx\/?p=83268"},"modified":"2024-10-22T12:20:50","modified_gmt":"2024-10-22T17:20:50","slug":"tormenta-kristy-se-va-de-guerrero-pero-las-lluvias-permaneceran","status":"publish","type":"post","link":"https:\/\/www.interaccionnoticias.com.mx\/?p=83268","title":{"rendered":"Tormenta \u201cKristy\u201d se va de Guerrero, pero las lluvias permanecer\u00e1n"},"content":{"rendered":"\n<p><em><strong>&#8212; Se pronostican lluvias fuertes con posibles descargas el\u00e9ctricas en 6 de las 8 regiones<\/strong><\/em><\/p>\n\n\n\n<p><strong>Jes\u00fas Dorantes<\/strong><\/p>\n\n\n\n<p><strong>Chilpancingo, Gro.-<\/strong> La tormenta tropical \u201cKristy\u201d se aleja de Guerrero con direcci\u00f3n hacia a Michoac\u00e1n, sin embargo, el Servicio Meteorol\u00f3gico advierte que en por lo menos seis de las ocho regiones habr\u00e1 lluvias de moderadas a fuertes durante la jornada del martes.<\/p>\n\n\n\n<p>En su cuenta oficial, la gobernadora Evelyn Salgado Pineda pidi\u00f3 a la poblaci\u00f3n permanecer atenta ante las recomendaciones de que emitan las autoridades, ya que el fen\u00f3meno natural Kristy se encuentra a 525 kil\u00f3metros al suroeste de Punta San Telmo, del estado de Michoac\u00e1n.<\/p>\n\n\n\n<p>Con esa ubicaci\u00f3n, se establece que el meteoro mantiene un curso que lo aleja de las cosas de Guerrero, ubic\u00e1ndose a 755 kil\u00f3metros al oeste \u2013 suroeste de Acapulco, lo que podr\u00eda generar Vientos de hasta 90 kil\u00f3metros por hora y oleajes de 1 a 3 metros de alto en las costas de la entidad.<\/p>\n\n\n\n<p>En el informe de la Comisi\u00f3n Nacional del Agua (CONAGUA) se detalla que las regiones que podr\u00edan presentar lluvias fuertes, chubascos y posibles descargas el\u00e9ctricas, son la Tierra Caliente, Centro, Monta\u00f1a, Acapulco, Costa Chica y Norte.<\/p>\n\n\n\n<p>Todas esas regiones fueron afectadas por las lluvias de cuatro d\u00edas generadas por el hurac\u00e1n John.<\/p>\n","protected":false},"excerpt":{"rendered":"<p>&#8212; Se pronostican lluvias fuertes con posibles descargas el\u00e9ctricas en 6 de las 8 regiones Jes\u00fas Dorantes Chilpancingo, Gro.- La tormenta tropical \u201cKristy\u201d se aleja de Guerrero con direcci\u00f3n hacia&hellip; <\/p>\n","protected":false},"author":8,"featured_media":83269,"comment_status":"open","ping_status":"open","sticky":false,"template":"","format":"standard","meta":{"fifu_image_url":"","fifu_image_alt":"","footnotes":""},"categories":[9],"tags":[],"class_list":["post-83268","post","type-post","status-publish","format-standard","has-post-thumbnail","hentry","category-fenomenos-naturales"],"_links":{"self":[{"href":"https:\/\/www.interaccionnoticias.com.mx\/index.php?rest_route=\/wp\/v2\/posts\/83268","targetHints":{"allow":["GET"]}}],"collection":[{"href":"https:\/\/www.interaccionnoticias.com.mx\/index.php?rest_route=\/wp\/v2\/posts"}],"about":[{"href":"https:\/\/www.interaccionnoticias.com.mx\/index.php?rest_route=\/wp\/v2\/types\/post"}],"author":[{"embeddable":true,"href":"https:\/\/www.interaccionnoticias.com.mx\/index.php?rest_route=\/wp\/v2\/users\/8"}],"replies":[{"embeddable":true,"href":"https:\/\/www.interaccionnoticias.com.mx\/index.php?rest_route=%2Fwp%2Fv2%2Fcomments&post=83268"}],"version-history":[{"count":1,"href":"https:\/\/www.interaccionnoticias.com.mx\/index.php?rest_route=\/wp\/v2\/posts\/83268\/revisions"}],"predecessor-version":[{"id":83270,"href":"https:\/\/www.interaccionnoticias.com.mx\/index.php?rest_route=\/wp\/v2\/posts\/83268\/revisions\/83270"}],"wp:featuredmedia":[{"embeddable":true,"href":"https:\/\/www.interaccionnoticias.com.mx\/index.php?rest_route=\/wp\/v2\/media\/83269"}],"wp:attachment":[{"href":"https:\/\/www.interaccionnoticias.com.mx\/index.php?rest_route=%2Fwp%2Fv2%2Fmedia&parent=83268"}],"wp:term":[{"taxonomy":"category","embeddable":true,"href":"https:\/\/www.interaccionnoticias.com.mx\/index.php?rest_route=%2Fwp%2Fv2%2Fcategories&post=83268"},{"taxonomy":"post_tag","embeddable":true,"href":"https:\/\/www.interaccionnoticias.com.mx\/index.php?rest_route=%2Fwp%2Fv2%2Ftags&post=83268"}],"curies":[{"name":"wp","href":"https:\/\/api.w.org\/{rel}","templated":true}]}}