{"id":83266,"date":"2024-10-22T00:29:08","date_gmt":"2024-10-22T05:29:08","guid":{"rendered":"https:\/\/www.interaccionnoticias.com.mx\/?p=83266"},"modified":"2024-10-22T00:29:10","modified_gmt":"2024-10-22T05:29:10","slug":"una-de-las-victimas-del-domingo-en-la-emiliano-zapata-fue-regidor-de-igualapa","status":"publish","type":"post","link":"https:\/\/www.interaccionnoticias.com.mx\/?p=83266","title":{"rendered":"Una de las v\u00edctimas del domingo en la Emiliano Zapata fue regidor de Igualapa"},"content":{"rendered":"\n<p><strong><em>La v\u00edctima sal\u00eda con su familia cuando fue perseguido y atacado<\/em><\/strong><\/p>\n\n\n\n<p><strong>Javier Trujillo<\/strong><\/p>\n\n\n\n<p><strong>Acapulco, Gro.-<\/strong> Un hombre que viajaba con su familia la noche del domingo de la colonia Emiliano Zapata, y fue perseguido por sujetos armados hab\u00eda sido regidor en el municipio de Igualapa, regi\u00f3n de la Costa Chica de Guerrero.<\/p>\n\n\n\n<p>De acuerdo con los datos que dio a conocer la mujer que lo acompa\u00f1aba con su hijo, se\u00f1al\u00f3 que momentos antes de la agresi\u00f3n escucharon disparos de arma de fuego y temeroso su esposo Luis Ba\u00f1os Rodr\u00edguez, aceler\u00f3 la unidad en que viajaban.<\/p>\n\n\n\n<p>Sin embargo m\u00e1s adelante en la calle 14, pistoleros de una camioneta blanca, les dieron alcance y le dispararon en cuatro ocasiones al conductor de veh\u00edculo, marca Honda del color gris.<\/p>\n\n\n\n<p>La necropsia revel\u00f3 que de los cuatro tiros que hicieron los presuntos agresores, solamente uno le produjo una herida en el brazo izquierdo que atraves\u00f3 el t\u00f3rax y la v\u00edctima falleci\u00f3.<\/p>\n\n\n\n<p>Ahora se sabe que el hombre, atacado a balazos por sujetos armados, hab\u00eda sido regidor del PRD del municipio de Igualapa, en la regi\u00f3n de la Costa Chica del estado de Guerrero.<\/p>\n\n\n\n<p>Ba\u00f1os Rodr\u00edguez, fue integrante del cuerpo edilicio de qui\u00e9n fue dos veces presidente municipal de Igualapa, Omar Gonz\u00e1lez \u00c1lvarez y qui\u00e9n recientemente fue se\u00f1alado de saqueador del ayuntamiento de esa localidad de la Costa Chica.<\/p>\n","protected":false},"excerpt":{"rendered":"<p>La v\u00edctima sal\u00eda con su familia cuando fue perseguido y atacado Javier Trujillo Acapulco, Gro.- Un hombre que viajaba con su familia la noche del domingo de la colonia Emiliano&hellip; <\/p>\n","protected":false},"author":3,"featured_media":83234,"comment_status":"open","ping_status":"open","sticky":false,"template":"","format":"standard","meta":{"fifu_image_url":"","fifu_image_alt":"","footnotes":""},"categories":[27],"tags":[],"class_list":["post-83266","post","type-post","status-publish","format-standard","has-post-thumbnail","hentry","category-seguridad-publica"],"_links":{"self":[{"href":"https:\/\/www.interaccionnoticias.com.mx\/index.php?rest_route=\/wp\/v2\/posts\/83266","targetHints":{"allow":["GET"]}}],"collection":[{"href":"https:\/\/www.interaccionnoticias.com.mx\/index.php?rest_route=\/wp\/v2\/posts"}],"about":[{"href":"https:\/\/www.interaccionnoticias.com.mx\/index.php?rest_route=\/wp\/v2\/types\/post"}],"author":[{"embeddable":true,"href":"https:\/\/www.interaccionnoticias.com.mx\/index.php?rest_route=\/wp\/v2\/users\/3"}],"replies":[{"embeddable":true,"href":"https:\/\/www.interaccionnoticias.com.mx\/index.php?rest_route=%2Fwp%2Fv2%2Fcomments&post=83266"}],"version-history":[{"count":1,"href":"https:\/\/www.interaccionnoticias.com.mx\/index.php?rest_route=\/wp\/v2\/posts\/83266\/revisions"}],"predecessor-version":[{"id":83267,"href":"https:\/\/www.interaccionnoticias.com.mx\/index.php?rest_route=\/wp\/v2\/posts\/83266\/revisions\/83267"}],"wp:featuredmedia":[{"embeddable":true,"href":"https:\/\/www.interaccionnoticias.com.mx\/index.php?rest_route=\/wp\/v2\/media\/83234"}],"wp:attachment":[{"href":"https:\/\/www.interaccionnoticias.com.mx\/index.php?rest_route=%2Fwp%2Fv2%2Fmedia&parent=83266"}],"wp:term":[{"taxonomy":"category","embeddable":true,"href":"https:\/\/www.interaccionnoticias.com.mx\/index.php?rest_route=%2Fwp%2Fv2%2Fcategories&post=83266"},{"taxonomy":"post_tag","embeddable":true,"href":"https:\/\/www.interaccionnoticias.com.mx\/index.php?rest_route=%2Fwp%2Fv2%2Ftags&post=83266"}],"curies":[{"name":"wp","href":"https:\/\/api.w.org\/{rel}","templated":true}]}}