{"id":83259,"date":"2024-10-21T20:28:09","date_gmt":"2024-10-22T01:28:09","guid":{"rendered":"https:\/\/www.interaccionnoticias.com.mx\/?p=83259"},"modified":"2024-10-21T20:28:11","modified_gmt":"2024-10-22T01:28:11","slug":"miguel-angel-aragon-vazquez-asume-el-mando-en-megna-como-nuevo-titular","status":"publish","type":"post","link":"https:\/\/www.interaccionnoticias.com.mx\/?p=83259","title":{"rendered":"Miguel \u00c1ngel Arag\u00f3n V\u00e1zquez, asume el mando en MEGNA como nuevo titular"},"content":{"rendered":"\n<p><strong><em>&#8212; La violencia dej\u00f3 once muertos las \u00faltimas 24 horas<br>&#8212; Ni un paso atr\u00e1s hasta que la paz sea una constante en Acapulco: Evelyn Salgado P<\/em><\/strong><\/p>\n\n\n\n<p><strong>Javier Trujillo<\/strong><\/p>\n\n\n\n<p><strong>Acapulco, Gro.-<\/strong> En medio de una oleada de violencia en Acapulco, el general Miguel \u00c1ngel Arag\u00f3n V\u00e1zquez asumi\u00f3 este lunes el cargo como Comandante del Mando Especial de la Guardia Nacional en Acapulco (MEGNA).<\/p>\n\n\n\n<p>A la toma de protesta del mando asistieron autoridades del gobierno de Guerrero y la Fiscal\u00eda General del Estado, y se llev\u00f3 a cabo en las instalaciones del Cuartel General de la GN, ubicado en la comunidad de El Salto, zona rural del municipio de Acapulco.<\/p>\n\n\n\n<p>Del nuevo mando especial de la Guardia Nacional para Acapulco y Coyuca de Ben\u00edtez, tiene especialidad en administraci\u00f3n militar, inteligencia y contrainteligencia.<\/p>\n\n\n\n<p>Adem\u00e1s, se inform\u00f3 que el a\u00f1o pasado fungi\u00f3 como coordinador general de la Guardia Nacional en el estado de Guerrero, adem\u00e1s durante el 2016 al 2017 dirigi\u00f3 las Bases de Operaciones Mixtas (BOM), en la entidad.<\/p>\n\n\n\n<p>El relevo se da en un contexto de violencia en Acapulco, donde se tiene registrados 46 homicidios dolosos y entre el s\u00e1bado y domingo nueve personas fueron privadas de la vida.<\/p>\n\n\n\n<p>Entre las v\u00edctimas un turista del Estado de M\u00e9xico, as\u00ed como Luis Antonio Bernal Ni\u00f1o, polic\u00eda estatal del Grupo Centauro, y un agente m\u00e1s lesionado de la Secretaria de Seguridad P\u00fablica del Grupo de Reacci\u00f3n Inmediata, en una agresi\u00f3n en la colonia Emiliano Zapata.<\/p>\n\n\n\n<p>Milenio inform\u00f3 que desde el pasado domingo, como parte de los operativos de seguridad que reforzaron en el puerto, la Fiscal\u00eda General del Estado y la Polic\u00eda Estatal detuvieron en la calle 33 y esquina con la 12 de la colonia Emiliano Zapata a tres presuntos delincuentes identificados como Fernando \u00abN\u00bb, Valent\u00edn \u00abN\u00bb, y Benjam\u00edn \u00abN\u00bb, a quienes se les aseguraron tres veh\u00edculos y un arma larga.<\/p>\n\n\n\n<p>Mientras que en Ciudad Renacimiento, muy cerca del puente roto, dos presuntos pistoleros fueron abatidos, tras una larga persecuci\u00f3n.<\/p>\n\n\n\n<p>Fue durante la madrugada de este lunes que un sujeto que viajaba acompa\u00f1ado de su familia fue ultimado a balazos en la calle 14 de la colonia Emiliano Zapata y otro m\u00e1s en el Fraccionamiento El Roble, qui\u00e9n cay\u00f3 en un canal pluvial, adem\u00e1s iba con cuerda en las manos y pies.<\/p>\n\n\n\n<p>La gobernadora del estado, Evelyn Salgado Pineda, se\u00f1al\u00f3 que la Guardia Nacional se consolida en Guerrero como una pieza clave en la estrategia de seguridad, no s\u00f3lo por su presencia sino por la relevancia y la confianza que han generado en ser los primeros respondientes y su estrategia de proximidad.<\/p>\n\n\n\n<p>Ante la presencia de autoridades civiles y militares, la mandataria asegur\u00f3 que con estas acciones se dar\u00e1n \u201cresultados a las familias y para cumplir con esta responsabilidad compartida de garantizar la paz\u201d.<\/p>\n\n\n\n<p>Poro qu\u00e9 enfatiz\u00f3 que no habr\u00e1 ni un paso atr\u00e1s hasta que la paz sea una constante en Acapulco, en todas las colonias y en todos los hogares.<\/p>\n","protected":false},"excerpt":{"rendered":"<p>&#8212; La violencia dej\u00f3 once muertos las \u00faltimas 24 horas&#8212; Ni un paso atr\u00e1s hasta que la paz sea una constante en Acapulco: Evelyn Salgado P Javier Trujillo Acapulco, Gro.-&hellip; <\/p>\n","protected":false},"author":3,"featured_media":83260,"comment_status":"open","ping_status":"open","sticky":false,"template":"","format":"standard","meta":{"fifu_image_url":"","fifu_image_alt":"","footnotes":""},"categories":[11],"tags":[],"class_list":["post-83259","post","type-post","status-publish","format-standard","has-post-thumbnail","hentry","category-guerrero"],"_links":{"self":[{"href":"https:\/\/www.interaccionnoticias.com.mx\/index.php?rest_route=\/wp\/v2\/posts\/83259","targetHints":{"allow":["GET"]}}],"collection":[{"href":"https:\/\/www.interaccionnoticias.com.mx\/index.php?rest_route=\/wp\/v2\/posts"}],"about":[{"href":"https:\/\/www.interaccionnoticias.com.mx\/index.php?rest_route=\/wp\/v2\/types\/post"}],"author":[{"embeddable":true,"href":"https:\/\/www.interaccionnoticias.com.mx\/index.php?rest_route=\/wp\/v2\/users\/3"}],"replies":[{"embeddable":true,"href":"https:\/\/www.interaccionnoticias.com.mx\/index.php?rest_route=%2Fwp%2Fv2%2Fcomments&post=83259"}],"version-history":[{"count":1,"href":"https:\/\/www.interaccionnoticias.com.mx\/index.php?rest_route=\/wp\/v2\/posts\/83259\/revisions"}],"predecessor-version":[{"id":83261,"href":"https:\/\/www.interaccionnoticias.com.mx\/index.php?rest_route=\/wp\/v2\/posts\/83259\/revisions\/83261"}],"wp:featuredmedia":[{"embeddable":true,"href":"https:\/\/www.interaccionnoticias.com.mx\/index.php?rest_route=\/wp\/v2\/media\/83260"}],"wp:attachment":[{"href":"https:\/\/www.interaccionnoticias.com.mx\/index.php?rest_route=%2Fwp%2Fv2%2Fmedia&parent=83259"}],"wp:term":[{"taxonomy":"category","embeddable":true,"href":"https:\/\/www.interaccionnoticias.com.mx\/index.php?rest_route=%2Fwp%2Fv2%2Fcategories&post=83259"},{"taxonomy":"post_tag","embeddable":true,"href":"https:\/\/www.interaccionnoticias.com.mx\/index.php?rest_route=%2Fwp%2Fv2%2Ftags&post=83259"}],"curies":[{"name":"wp","href":"https:\/\/api.w.org\/{rel}","templated":true}]}}