{"id":83252,"date":"2024-10-21T17:07:39","date_gmt":"2024-10-21T22:07:39","guid":{"rendered":"https:\/\/www.interaccionnoticias.com.mx\/?p=83252"},"modified":"2024-10-21T17:07:41","modified_gmt":"2024-10-21T22:07:41","slug":"maestros-de-la-ceteg-cierran-las-oficinas-del-titular-de-la-seg","status":"publish","type":"post","link":"https:\/\/www.interaccionnoticias.com.mx\/?p=83252","title":{"rendered":"Maestros de la CETEG cierran las oficinas del titular de la SEG"},"content":{"rendered":"\n<p><strong><em>&#8212; Exigen el pago de horas que se adeudan y transparencia en cambios de adscripci\u00f3n<\/em><\/strong><\/p>\n\n\n\n<p><strong>Jes\u00fas Dorantes<\/strong><\/p>\n\n\n\n<p>Integrantes de la Coordinadora Estatal de Trabajadores de la Educaci\u00f3n Guerrero (CETEG) cerraron las oficinas del titular de la Secretar\u00eda de Educaci\u00f3n, Marcial Rodr\u00edguez Salda\u00f1a para exigir el pago de horas y cambios de adscripci\u00f3n que se encuentran pendientes, lo que advirtieron, puede detonar una nueva jornada de lucha.<\/p>\n\n\n\n<p>La jornada del lunes, desde las 11:00 horas, un grupo de 20 integrantes del magisterio disidente arribaron hasta las oficinas de la SEG, que se ubican en la colonia Villas Lucerna, al oriente de la capital del estado.<\/p>\n\n\n\n<p>La profesora Antonia Morales V\u00e9lez, quien iba al frente del grupo denunci\u00f3 que hasta la fecha se le adeudan el pago de horas y el otorgamiento de pr\u00f3rrogas, adem\u00e1s de que exigieron la agilizaci\u00f3n en los cambios de adscripci\u00f3n.<\/p>\n\n\n\n<p>La profesora Cruz Mar\u00eda Estrada D\u00edaz, otra de las manifestajtes, demand\u00f3 que no se cierre el turno vespertino de la secundaria t\u00e9cnica n\u00famero 10 de Chilpancingo, luego de que el actual director lo suspendi\u00f3 sin consultar a los profesores.<\/p>\n\n\n\n<p>Los integrantes de la CETEG exigieron la atenci\u00f3n inmediata de parte del titular, Marcial Rodr\u00edguez Salda\u00f1a ante esa y otras problem\u00e1ticas, de lo contrario, advirtieron que no van a liberar los accesos de sus oficinas.<\/p>\n","protected":false},"excerpt":{"rendered":"<p>&#8212; Exigen el pago de horas que se adeudan y transparencia en cambios de adscripci\u00f3n Jes\u00fas Dorantes Integrantes de la Coordinadora Estatal de Trabajadores de la Educaci\u00f3n Guerrero (CETEG) cerraron&hellip; <\/p>\n","protected":false},"author":8,"featured_media":83253,"comment_status":"open","ping_status":"open","sticky":false,"template":"","format":"standard","meta":{"fifu_image_url":"","fifu_image_alt":"","footnotes":""},"categories":[6],"tags":[],"class_list":["post-83252","post","type-post","status-publish","format-standard","has-post-thumbnail","hentry","category-educacion"],"_links":{"self":[{"href":"https:\/\/www.interaccionnoticias.com.mx\/index.php?rest_route=\/wp\/v2\/posts\/83252","targetHints":{"allow":["GET"]}}],"collection":[{"href":"https:\/\/www.interaccionnoticias.com.mx\/index.php?rest_route=\/wp\/v2\/posts"}],"about":[{"href":"https:\/\/www.interaccionnoticias.com.mx\/index.php?rest_route=\/wp\/v2\/types\/post"}],"author":[{"embeddable":true,"href":"https:\/\/www.interaccionnoticias.com.mx\/index.php?rest_route=\/wp\/v2\/users\/8"}],"replies":[{"embeddable":true,"href":"https:\/\/www.interaccionnoticias.com.mx\/index.php?rest_route=%2Fwp%2Fv2%2Fcomments&post=83252"}],"version-history":[{"count":1,"href":"https:\/\/www.interaccionnoticias.com.mx\/index.php?rest_route=\/wp\/v2\/posts\/83252\/revisions"}],"predecessor-version":[{"id":83254,"href":"https:\/\/www.interaccionnoticias.com.mx\/index.php?rest_route=\/wp\/v2\/posts\/83252\/revisions\/83254"}],"wp:featuredmedia":[{"embeddable":true,"href":"https:\/\/www.interaccionnoticias.com.mx\/index.php?rest_route=\/wp\/v2\/media\/83253"}],"wp:attachment":[{"href":"https:\/\/www.interaccionnoticias.com.mx\/index.php?rest_route=%2Fwp%2Fv2%2Fmedia&parent=83252"}],"wp:term":[{"taxonomy":"category","embeddable":true,"href":"https:\/\/www.interaccionnoticias.com.mx\/index.php?rest_route=%2Fwp%2Fv2%2Fcategories&post=83252"},{"taxonomy":"post_tag","embeddable":true,"href":"https:\/\/www.interaccionnoticias.com.mx\/index.php?rest_route=%2Fwp%2Fv2%2Ftags&post=83252"}],"curies":[{"name":"wp","href":"https:\/\/api.w.org\/{rel}","templated":true}]}}