{"id":83222,"date":"2024-10-20T22:25:28","date_gmt":"2024-10-21T03:25:28","guid":{"rendered":"https:\/\/www.interaccionnoticias.com.mx\/?p=83222"},"modified":"2024-10-20T22:25:31","modified_gmt":"2024-10-21T03:25:31","slug":"identifican-a-cinco-cuerpos-de-personas-desaparecidas-durante-la-guerra-sucia-de-los-anos-70-s","status":"publish","type":"post","link":"https:\/\/www.interaccionnoticias.com.mx\/?p=83222","title":{"rendered":"Identifican a cinco cuerpos de personas desaparecidas durante la \u201cGuerra Sucia\u201d de los a\u00f1os 70 s"},"content":{"rendered":"\n<p><strong><em>&#8212; Familiares de las v\u00edctimas exigen que se identifiquen dos cuerpos m\u00e1s que fueron localizados en el municipio de Ajuchitl\u00e1n del Progreso<\/em><\/strong><\/p>\n\n\n\n<p><strong>Jes\u00fas Dorantes<\/strong><\/p>\n\n\n\n<p><strong>Chilpancingo, Gro.-<\/strong> Integrantes del colectivo de Esposas e Hijos de los Desaparecidos de la Guerra Sucia en Atoyac confirmaron la identificaci\u00f3n de cinco cuerpos localizados en la regi\u00f3n Tierra Caliente, pero se\u00f1alan que est\u00e1 pendiente la identificaci\u00f3n de por lo menos dos m\u00e1s.<\/p>\n\n\n\n<p>La jornada del domingo, integrantes del referido colectivo ofrecieron una rueda de prensa en Chilpancingo, d\u00f3nde dieron a conocer que siete cuerpos fueron exhumados entre los d\u00edas 4 y 7 de septiembre del a\u00f1o 2023 en el municipio de Ajuchitl\u00e1n del Progreso.<\/p>\n\n\n\n<p>Cinco de los siete cuerpos fueron identificados tras la compulsa con pruebas gen\u00e9ticas, correspondiendo los cuerpos a Gervasio Bernardino Dur\u00e1n, Bartolo Rojas Nazario, Pablo Rojas Ter\u00e1n, Apolonio Hern\u00e1ndez Bernardino y Jos\u00e9 Isabel Rojas Bernardino.<\/p>\n\n\n\n<p>Todos ellos fueron asesinados hace 50 a\u00f1os en la comunidad de Los Espadines, durante el periodo conocido como la Guerra Sucia de los a\u00f1os setentas, en hecho imputados a personal del Ej\u00e9rcito Mexicano.<\/p>\n\n\n\n<p>Durante la rueda de prensa, el representante legal de las v\u00edctimas, Gervasio Serrano se\u00f1al\u00f3 que en el mismo lugar d\u00f3nde fueron exhumados los cinco cuerpos se encontrados dos m\u00e1s, que presuntamente pertenecen a Francisco Rojas Nazario, y Eduviges Oviedo Ortiz.<\/p>\n\n\n\n<p>Dijeron que no contar con los reactivos necesarios para la identificaci\u00f3n de los cuerpos , no se puede continuar el proceso legal para la reparaci\u00f3n del da\u00f1o a los familiares, por lo que hicieron un exhorto a las FGR y la FGE para que a la brevedad se proporcione el material para la identificaci\u00f3n gen\u00e9tica de ambos restos.<\/p>\n\n\n\n<p>Los activistas hicieron un exhorto a la Presidenta de la Rep\u00fablica, Claudia Sheinbaum Pardo, para que exista voluntad pol\u00edtica de su gobierno que permita liberar la informaci\u00f3n que se oculta en expedientes de la Secretar\u00eda de la Defensa Nacional (SEDENA) sobre esa \u00e9poca.<\/p>\n\n\n\n<p>Particularmente exigieron que se entreguen los expedientes de los llamados \u201cvuelos de la muerte\u201d , con los cuales se podr\u00eda dar con las identidades de las personas que fueron arrojadas al mar y que hasta la fecha permanecen en calidad de desaparecidos.<\/p>\n","protected":false},"excerpt":{"rendered":"<p>&#8212; Familiares de las v\u00edctimas exigen que se identifiquen dos cuerpos m\u00e1s que fueron localizados en el municipio de Ajuchitl\u00e1n del Progreso Jes\u00fas Dorantes Chilpancingo, Gro.- Integrantes del colectivo de&hellip; <\/p>\n","protected":false},"author":8,"featured_media":83223,"comment_status":"open","ping_status":"open","sticky":false,"template":"","format":"standard","meta":{"fifu_image_url":"","fifu_image_alt":"","footnotes":""},"categories":[15],"tags":[],"class_list":["post-83222","post","type-post","status-publish","format-standard","has-post-thumbnail","hentry","category-movimientos-sociales"],"_links":{"self":[{"href":"https:\/\/www.interaccionnoticias.com.mx\/index.php?rest_route=\/wp\/v2\/posts\/83222","targetHints":{"allow":["GET"]}}],"collection":[{"href":"https:\/\/www.interaccionnoticias.com.mx\/index.php?rest_route=\/wp\/v2\/posts"}],"about":[{"href":"https:\/\/www.interaccionnoticias.com.mx\/index.php?rest_route=\/wp\/v2\/types\/post"}],"author":[{"embeddable":true,"href":"https:\/\/www.interaccionnoticias.com.mx\/index.php?rest_route=\/wp\/v2\/users\/8"}],"replies":[{"embeddable":true,"href":"https:\/\/www.interaccionnoticias.com.mx\/index.php?rest_route=%2Fwp%2Fv2%2Fcomments&post=83222"}],"version-history":[{"count":1,"href":"https:\/\/www.interaccionnoticias.com.mx\/index.php?rest_route=\/wp\/v2\/posts\/83222\/revisions"}],"predecessor-version":[{"id":83224,"href":"https:\/\/www.interaccionnoticias.com.mx\/index.php?rest_route=\/wp\/v2\/posts\/83222\/revisions\/83224"}],"wp:featuredmedia":[{"embeddable":true,"href":"https:\/\/www.interaccionnoticias.com.mx\/index.php?rest_route=\/wp\/v2\/media\/83223"}],"wp:attachment":[{"href":"https:\/\/www.interaccionnoticias.com.mx\/index.php?rest_route=%2Fwp%2Fv2%2Fmedia&parent=83222"}],"wp:term":[{"taxonomy":"category","embeddable":true,"href":"https:\/\/www.interaccionnoticias.com.mx\/index.php?rest_route=%2Fwp%2Fv2%2Fcategories&post=83222"},{"taxonomy":"post_tag","embeddable":true,"href":"https:\/\/www.interaccionnoticias.com.mx\/index.php?rest_route=%2Fwp%2Fv2%2Ftags&post=83222"}],"curies":[{"name":"wp","href":"https:\/\/api.w.org\/{rel}","templated":true}]}}