{"id":83210,"date":"2024-10-20T18:58:16","date_gmt":"2024-10-20T23:58:16","guid":{"rendered":"https:\/\/www.interaccionnoticias.com.mx\/?p=83210"},"modified":"2024-10-20T18:58:18","modified_gmt":"2024-10-20T23:58:18","slug":"la-violencia-busca-reforzar-un-ambiente-de-miedo","status":"publish","type":"post","link":"https:\/\/www.interaccionnoticias.com.mx\/?p=83210","title":{"rendered":"La violencia busca reforzar un ambiente de miedo"},"content":{"rendered":"\n<p><strong><em>&#8212; Tambi\u00e9n record\u00f3 los fen\u00f3menos naturales Otis y John<\/em><\/strong><\/p>\n\n\n\n<p><strong>Javier Trujillo<\/strong><\/p>\n\n\n\n<p><strong>Acapulco, Gro.-<\/strong> Tras los hechos de violencia en Acapulco que ha dejado una estela de 39 cr\u00edmenes, monse\u00f1or Leopoldo Gonz\u00e1lez, alerta que estos hechos buscan reforzar un ambiente de miedo.<\/p>\n\n\n\n<p>\u201cLa paz es siempre un anhelo muy vivo, y ahora muchos la miramos como una necesidad apremiante.<\/p>\n\n\n\n<p>\u201cLa cruel inhumanidad de las ejecuciones y asesinatos perpetrados en d\u00edas pasados, pareciera que buscan reforzar un ambiente de miedo para oprimir, cosa muy lejana del estado de Derecho que ha de garantizar la paz en la sociedad\u201d, dijo en la jornada de paz, el jerarca de la iglesia cat\u00f3lica en Acapulco, Gonz\u00e1lez Gonz\u00e1lez.<\/p>\n\n\n\n<p>En su mensaje dominical a trav\u00e9s de redes sociales, hizo un llamado necesario para pedir por los asesinados por su eterno descanso, y pidi\u00f3 consuelo y esperanza para sus familiares y amigos.<\/p>\n\n\n\n<p>Adem\u00e1s de acercarse a las personas que les destruyeron sus bienes por la delincuencia, a quienes les cobran cuota y a quienes se han visto forzados a dejar sus comunidades ante la violencia, se\u00f1al\u00f3.<\/p>\n\n\n\n<p>Mencion\u00f3 que el pr\u00f3ximo 24 de octubre, se cumple un a\u00f1o del asesinato de 13 polic\u00edas municipales en la comunidad de El Papayo, municipio de Coyuca de Ben\u00edtez, de los cuales dijo que muchos eran jovenes y ten\u00edan familia.<\/p>\n\n\n\n<p>\u201cAnte todas estas situaciones generadoras de dolor y de tristeza, fortalezcamos en nuestra persona la necesidad de ser artesanos de paz, con la f\u00e9 puesta en el Se\u00f1or Jes\u00fas, que es nuestra paz\u201d, dijo.<\/p>\n\n\n\n<p>Tambi\u00e9n record\u00f3 que el pr\u00f3ximo 25 de octubre se cumple un a\u00f1o del hurac\u00e1n Otis, y por ello los invit\u00f3 a elevar ese d\u00eda una s\u00faplica a Dios nuestro padre por el eterno descanso de quienes entonces perdieron la vida y por el consuelo de sus familias.<\/p>\n\n\n\n<p>Pidamos a quienes vieron destruidas sus viviendas y pertenencias, que contin\u00faen fuertes en el desempe\u00f1o de su reconstrucci\u00f3n.<\/p>\n\n\n\n<p>Finalmente se refiri\u00f3 al hurac\u00e1n John, nos ha hecho ver m\u00e1s la urgencia de un mejor cuidado de nuestra casa com\u00fan y la necesidad de tener una m\u00e1s clara conciencia de los riesgos a los que estamos expuestos en el espacio que habitamos.<\/p>\n","protected":false},"excerpt":{"rendered":"<p>&#8212; Tambi\u00e9n record\u00f3 los fen\u00f3menos naturales Otis y John Javier Trujillo Acapulco, Gro.- Tras los hechos de violencia en Acapulco que ha dejado una estela de 39 cr\u00edmenes, monse\u00f1or Leopoldo&hellip; <\/p>\n","protected":false},"author":3,"featured_media":83211,"comment_status":"open","ping_status":"open","sticky":false,"template":"","format":"standard","meta":{"fifu_image_url":"","fifu_image_alt":"","footnotes":""},"categories":[242],"tags":[],"class_list":["post-83210","post","type-post","status-publish","format-standard","has-post-thumbnail","hentry","category-acapulco"],"_links":{"self":[{"href":"https:\/\/www.interaccionnoticias.com.mx\/index.php?rest_route=\/wp\/v2\/posts\/83210","targetHints":{"allow":["GET"]}}],"collection":[{"href":"https:\/\/www.interaccionnoticias.com.mx\/index.php?rest_route=\/wp\/v2\/posts"}],"about":[{"href":"https:\/\/www.interaccionnoticias.com.mx\/index.php?rest_route=\/wp\/v2\/types\/post"}],"author":[{"embeddable":true,"href":"https:\/\/www.interaccionnoticias.com.mx\/index.php?rest_route=\/wp\/v2\/users\/3"}],"replies":[{"embeddable":true,"href":"https:\/\/www.interaccionnoticias.com.mx\/index.php?rest_route=%2Fwp%2Fv2%2Fcomments&post=83210"}],"version-history":[{"count":1,"href":"https:\/\/www.interaccionnoticias.com.mx\/index.php?rest_route=\/wp\/v2\/posts\/83210\/revisions"}],"predecessor-version":[{"id":83212,"href":"https:\/\/www.interaccionnoticias.com.mx\/index.php?rest_route=\/wp\/v2\/posts\/83210\/revisions\/83212"}],"wp:featuredmedia":[{"embeddable":true,"href":"https:\/\/www.interaccionnoticias.com.mx\/index.php?rest_route=\/wp\/v2\/media\/83211"}],"wp:attachment":[{"href":"https:\/\/www.interaccionnoticias.com.mx\/index.php?rest_route=%2Fwp%2Fv2%2Fmedia&parent=83210"}],"wp:term":[{"taxonomy":"category","embeddable":true,"href":"https:\/\/www.interaccionnoticias.com.mx\/index.php?rest_route=%2Fwp%2Fv2%2Fcategories&post=83210"},{"taxonomy":"post_tag","embeddable":true,"href":"https:\/\/www.interaccionnoticias.com.mx\/index.php?rest_route=%2Fwp%2Fv2%2Ftags&post=83210"}],"curies":[{"name":"wp","href":"https:\/\/api.w.org\/{rel}","templated":true}]}}