{"id":8302,"date":"2017-09-20T20:33:50","date_gmt":"2017-09-21T01:33:50","guid":{"rendered":"http:\/\/www.inter-accion.com.mx\/?p=8302"},"modified":"2017-09-20T20:33:50","modified_gmt":"2017-09-21T01:33:50","slug":"reprochan-organizaciones-internacionales-criminalizacion-de-defensores-de-derechos-humanos","status":"publish","type":"post","link":"https:\/\/www.interaccionnoticias.com.mx\/?p=8302","title":{"rendered":"Reprochan organizaciones internacionales criminalizaci\u00f3n de defensores de derechos humanos"},"content":{"rendered":"<p><strong>Piden que se rescate una reuni\u00f3n con el gobernador de Guerrero<\/strong><br \/>\nLa Red de Organismos Civiles de Derechos Humanos, Todos los Derechos para Todos y Amnist\u00eda Internacional (AI) denunciaron que en Guerrero se criminaliza el trabajo de los defensores de los derechos humanos, que ni siquiera el Ej\u00e9rcito ha logrado reinstalar la tranquilidad en los pueblos de Chilapa y por lo tanto, solicitaron que se concrete una reuni\u00f3n con el gobernador H\u00e9ctor Astudillo.<br \/>\nLa jornada del martes 19 de septiembre, una comisi\u00f3n internacional de observaci\u00f3n estuvo presente en la cabecera municipal de Chilapa, adem\u00e1s de que visit\u00f3 las comunidades de Ahuihuiyuco, Teposcuautla y Tetitl\u00e1n de la Lima.<br \/>\nManifestaron que por lo observado, es muy evidente que en Guerrero se criminaliza y persigue a los defensores de derechos humanos.<br \/>\nAlister Guerrero, representante de SERAPAZ, coment\u00f3 que las esposas de las v\u00edctimas mortales del crimen en zonas como Chilapa enfrentan un problema de triple vulnerabilidad, lo que deriva de su condici\u00f3n de ind\u00edgenas monoling\u00fces.<br \/>\nLas esposas de asesinados o desaparecidos, dijo que<br \/>\nen su mayor\u00eda dependen de un trabajo manual, mal remunerado (la elaboraci\u00f3n de piezas de palma), buscan justicia sin un marco legal que las ampare ni represente, sin los medios suficientes para mantenerse ellas y sus hijos.<br \/>\nRaquela Aguilera, de Amist\u00eda Internacional manifest\u00f3 que hay un proceso de estigmatizaci\u00f3n y criminalizaci\u00f3n de los defensores, en el caso de Guerrero, para activistas de organismos como Tlacinollan, el Colectivo contra la Tortura y el Centro Morelos.<br \/>\nPor esa raz\u00f3n, aunque manifest\u00f3 que se entiende que el gobernador haya tenido la obligaci\u00f3n de trasladarse hacia la zona devastada por el sismo del martes, indic\u00f3 que lo deseable es que se rescate la reuni\u00f3n que estaba pactada para la ma\u00f1ana del mi\u00e9rcoles.<br \/>\nIndic\u00f3 que para AI fue importante realizar la visita en terreno, porque de esa manera se dieron cuenta de lo complicado que es en Guerrero trabajar en la defensa de los derechos humanos.<br \/>\nOtro aspecto que llam\u00f3 la atenci\u00f3n de los integrantes de la Comisi\u00f3n de Observaci\u00f3n, fue el desplazamiento hormiga que se vive desde hace varios a\u00f1os en Tepozcuatla, Ahuihuiyuco y Tetitl\u00e1n de la Lima.<br \/>\nAh\u00ed, dijeron que muchas familias han dejado todo para huir de la violencia, particularmente en junio pasado, cuando hubo una amenaza de la delincuencia para salir de sus comunidades, so pena de ser ejecutados.<br \/>\n\u201cEncontramos tierras de cultivo abandonadas, escuelas y centros de salud cerrados, casas solas, no se ve que la situaci\u00f3n vaya a cambiar ni que las autoridades hagan un esfuerzo real al respecto\u201d, refiri\u00f3.<br \/>\nLos representantes de las ONGs, reprocharon que durante su recorrido hacia Chilapa fueron interrogados de manera insistente por polic\u00edas y militares, lo que juzgaron completamente innecesario.<br \/>\n&nbsp;&nbsp;&nbsp;<\/p>\n","protected":false},"excerpt":{"rendered":"<p>Piden que se rescate una reuni\u00f3n con el gobernador de Guerrero La Red de Organismos Civiles de Derechos Humanos, Todos los Derechos para Todos y Amnist\u00eda Internacional (AI) denunciaron que&hellip; <\/p>\n","protected":false},"author":1,"featured_media":0,"comment_status":"closed","ping_status":"closed","sticky":false,"template":"","format":"standard","meta":{"fifu_image_url":"","fifu_image_alt":"","footnotes":""},"categories":[8,15],"tags":[],"class_list":["post-8302","post","type-post","status-publish","format-standard","hentry","category-featured","category-movimientos-sociales"],"_links":{"self":[{"href":"https:\/\/www.interaccionnoticias.com.mx\/index.php?rest_route=\/wp\/v2\/posts\/8302","targetHints":{"allow":["GET"]}}],"collection":[{"href":"https:\/\/www.interaccionnoticias.com.mx\/index.php?rest_route=\/wp\/v2\/posts"}],"about":[{"href":"https:\/\/www.interaccionnoticias.com.mx\/index.php?rest_route=\/wp\/v2\/types\/post"}],"author":[{"embeddable":true,"href":"https:\/\/www.interaccionnoticias.com.mx\/index.php?rest_route=\/wp\/v2\/users\/1"}],"replies":[{"embeddable":true,"href":"https:\/\/www.interaccionnoticias.com.mx\/index.php?rest_route=%2Fwp%2Fv2%2Fcomments&post=8302"}],"version-history":[{"count":0,"href":"https:\/\/www.interaccionnoticias.com.mx\/index.php?rest_route=\/wp\/v2\/posts\/8302\/revisions"}],"wp:attachment":[{"href":"https:\/\/www.interaccionnoticias.com.mx\/index.php?rest_route=%2Fwp%2Fv2%2Fmedia&parent=8302"}],"wp:term":[{"taxonomy":"category","embeddable":true,"href":"https:\/\/www.interaccionnoticias.com.mx\/index.php?rest_route=%2Fwp%2Fv2%2Fcategories&post=8302"},{"taxonomy":"post_tag","embeddable":true,"href":"https:\/\/www.interaccionnoticias.com.mx\/index.php?rest_route=%2Fwp%2Fv2%2Ftags&post=8302"}],"curies":[{"name":"wp","href":"https:\/\/api.w.org\/{rel}","templated":true}]}}