{"id":8295,"date":"2017-09-20T19:54:28","date_gmt":"2017-09-21T00:54:28","guid":{"rendered":"http:\/\/www.inter-accion.com.mx\/?p=8295"},"modified":"2017-09-20T19:54:28","modified_gmt":"2017-09-21T00:54:28","slug":"atacan-a-dos-en-el-centro-de-chilpancingo-uno-muere-en-la-cabina-de-una-urvan-del-transporte-publico","status":"publish","type":"post","link":"https:\/\/www.interaccionnoticias.com.mx\/?p=8295","title":{"rendered":"Atacan a dos en el centro de Chilpancingo, uno muere en la cabina de una urvan del transporte p\u00fablico"},"content":{"rendered":"<p><br \/>\nLa tarde del mi\u00e9rcoles, dos hombres fueron atacados a balazos en el centro de Chilpancingo cuando viajaban en una urvan del transporte p\u00fablico, uno muri\u00f3&nbsp;&nbsp;en el lugar de los hechos, otro fue hospitalizado con heridas graves.<br \/>\nAlrededor de las 13:40 horas, hombres armados interceptaron la urvan numero 715 de la ruta Mercado- Centro-Colonia los Angeles y Primer Congreso de An\u00e1huac, ambas en el sector oriente de la ciudad.<br \/>\nAccionaron armas de fuego sobre dos hombres, uno de ellos qued\u00f3 tirado en el asiento del copiloto, con la cabeza recargada en el asfalto, la pierna izquierda apuntando hacia el cielo y la rodilla derecha atorada dentro de la unidad.<br \/>\nEl segundo lesionado baj\u00f3 de la urvan, recibi\u00f3 varios balazos y sus agresores lo dieron por muerto, de tal suerte que ah\u00ed lo abandonaron.<br \/>\nAlgunos transe\u00fantes auxiliaron al lesionado y lo animaron para resistir hasta que al sitio, ubicado en la esquina que forman la calle Ignacio Manuel Altamirano y Hero\u00ednas del Sur llegaron param\u00e9dicos, que tras proporcionarle los primeros auxilios lo trasladaron hacia un hospital.<br \/>\nDespu\u00e9s arribaron elementos de la Polic\u00eda del Estado, quienes tendieron un cerco perimetral para preservar la zona, hasta que llegaron peritos de la Fiscal\u00eda General del Estado (FGE) y personal del Servicio M\u00e9dico Forense (Semefo), mismo que realiz\u00f3 el levantamiento del cad\u00e1ver y lo trasladaron a la morgue.<br \/>\nTanto el lesionad como la v\u00edctima mortal, vest\u00edan pantal\u00f3n de mezclilla y playera blanca.<\/p>\n","protected":false},"excerpt":{"rendered":"<p>La tarde del mi\u00e9rcoles, dos hombres fueron atacados a balazos en el centro de Chilpancingo cuando viajaban en una urvan del transporte p\u00fablico, uno muri\u00f3&nbsp;&nbsp;en el lugar de los hechos,&hellip; <\/p>\n","protected":false},"author":1,"featured_media":0,"comment_status":"closed","ping_status":"closed","sticky":false,"template":"","format":"standard","meta":{"fifu_image_url":"","fifu_image_alt":"","footnotes":""},"categories":[8,27],"tags":[],"class_list":["post-8295","post","type-post","status-publish","format-standard","hentry","category-featured","category-seguridad-publica"],"_links":{"self":[{"href":"https:\/\/www.interaccionnoticias.com.mx\/index.php?rest_route=\/wp\/v2\/posts\/8295","targetHints":{"allow":["GET"]}}],"collection":[{"href":"https:\/\/www.interaccionnoticias.com.mx\/index.php?rest_route=\/wp\/v2\/posts"}],"about":[{"href":"https:\/\/www.interaccionnoticias.com.mx\/index.php?rest_route=\/wp\/v2\/types\/post"}],"author":[{"embeddable":true,"href":"https:\/\/www.interaccionnoticias.com.mx\/index.php?rest_route=\/wp\/v2\/users\/1"}],"replies":[{"embeddable":true,"href":"https:\/\/www.interaccionnoticias.com.mx\/index.php?rest_route=%2Fwp%2Fv2%2Fcomments&post=8295"}],"version-history":[{"count":0,"href":"https:\/\/www.interaccionnoticias.com.mx\/index.php?rest_route=\/wp\/v2\/posts\/8295\/revisions"}],"wp:attachment":[{"href":"https:\/\/www.interaccionnoticias.com.mx\/index.php?rest_route=%2Fwp%2Fv2%2Fmedia&parent=8295"}],"wp:term":[{"taxonomy":"category","embeddable":true,"href":"https:\/\/www.interaccionnoticias.com.mx\/index.php?rest_route=%2Fwp%2Fv2%2Fcategories&post=8295"},{"taxonomy":"post_tag","embeddable":true,"href":"https:\/\/www.interaccionnoticias.com.mx\/index.php?rest_route=%2Fwp%2Fv2%2Ftags&post=8295"}],"curies":[{"name":"wp","href":"https:\/\/api.w.org\/{rel}","templated":true}]}}