{"id":8286,"date":"2017-09-20T17:57:42","date_gmt":"2017-09-20T22:57:42","guid":{"rendered":"http:\/\/www.inter-accion.com.mx\/?p=8286"},"modified":"2017-09-20T17:57:42","modified_gmt":"2017-09-20T22:57:42","slug":"por-las-afectaciones-generadas-tras-el-sismo-suspenden-marcha-de-normalistas-en-la-ciudad-de-mexico","status":"publish","type":"post","link":"https:\/\/www.interaccionnoticias.com.mx\/?p=8286","title":{"rendered":"Por las afectaciones generadas tras el sismo, suspenden marcha de normalistas en la Ciudad de M\u00e9xico"},"content":{"rendered":"<p><strong>Tambi\u00e9n promueven acciones en pro de los damnificados en la Ciudad de M\u00e9xico y Guerrero&nbsp;&nbsp;<\/strong><br \/>\nPor congruencia, normalistas de Ayotzinapa y padres de los 43 suspendieron la marcha programada en la Ciudad de M\u00e9xico para el pr\u00f3ximo 26 de septiembre.&nbsp;&nbsp;&nbsp;&nbsp;<br \/>\nVidulfo Rosales Sierra, abogado de los padres de los 43, indic\u00f3 que originalmente y con la intenci\u00f3n de ejercer mayor presi\u00f3n sobre la Procuradur\u00eda General de la Rep\u00fablica (PGR), el movimiento ten\u00eda programada una marcha en la capital del pa\u00eds.<br \/>\nSin embargo, destac\u00f3 que ante los efectos del sismo registrado el martes 19 de septiembre, el colectivo \u201cNos Faltan 43\u201d y las organizaciones que los respaldan han llegado a la conclusi\u00f3n que la marcha del 26 se realice en otra lugar.<br \/>\nSostuvo que se trata de una acto de congruencia, pero adem\u00e1s de solidaridad para con las v\u00edctimas del sismo suscitado el martes pasado.<br \/>\nDurante los pr\u00f3ximos d\u00edas, dijo que se analizar\u00e1 la sede de la marcha con la que se recordar\u00e1n tres a\u00f1os de los ataques cometidos por sicarios de Guerreros Unidos (GU), apoyados por elementos de la Polic\u00eda Preventiva de Iguala de la Independencia .<br \/>\nRosales Sierra sostuvo que la actitud de la Normal de Ayotzinapa ante las contingencias derivadas de fen\u00f3menos naturales no es nueva, en 2013, tras las lluvias at\u00edpicas generadas por la tormenta Tropical Manuel y el hurac\u00e1n Ingrid, los j\u00f3venes asumieron el rol de brigadistas que auxiliaron a la poblaci\u00f3n de Tixtla por las inundaciones de la laguna.<br \/>\nEn fechas recientes, dijo que la Normal Rural envi\u00f3 un cami\u00f3n con v\u00edveres para los damnificados de los estados de Oaxaca y Chiapas, tambi\u00e9n sucedi\u00f3 lo mismo con las lluvias que devastaron a la Costa Chica durante el paso del Hurac\u00e1n \u201cM\u00e1x\u201d.<br \/>\nDijo que a la par de las protestas que se realizan, los normalistas rurales re\u00fanen v\u00edveres para enviarlos a la Ciudad de M\u00e9xico, precisamente para apoyar a los damnificados del sismo de 7.1 grados que se registr\u00f3 hace ya un par de d\u00edas.<\/p>\n","protected":false},"excerpt":{"rendered":"<p>Tambi\u00e9n promueven acciones en pro de los damnificados en la Ciudad de M\u00e9xico y Guerrero&nbsp;&nbsp; Por congruencia, normalistas de Ayotzinapa y padres de los 43 suspendieron la marcha programada en&hellip; <\/p>\n","protected":false},"author":1,"featured_media":0,"comment_status":"closed","ping_status":"closed","sticky":false,"template":"","format":"standard","meta":{"fifu_image_url":"","fifu_image_alt":"","footnotes":""},"categories":[8,15],"tags":[],"class_list":["post-8286","post","type-post","status-publish","format-standard","hentry","category-featured","category-movimientos-sociales"],"_links":{"self":[{"href":"https:\/\/www.interaccionnoticias.com.mx\/index.php?rest_route=\/wp\/v2\/posts\/8286","targetHints":{"allow":["GET"]}}],"collection":[{"href":"https:\/\/www.interaccionnoticias.com.mx\/index.php?rest_route=\/wp\/v2\/posts"}],"about":[{"href":"https:\/\/www.interaccionnoticias.com.mx\/index.php?rest_route=\/wp\/v2\/types\/post"}],"author":[{"embeddable":true,"href":"https:\/\/www.interaccionnoticias.com.mx\/index.php?rest_route=\/wp\/v2\/users\/1"}],"replies":[{"embeddable":true,"href":"https:\/\/www.interaccionnoticias.com.mx\/index.php?rest_route=%2Fwp%2Fv2%2Fcomments&post=8286"}],"version-history":[{"count":0,"href":"https:\/\/www.interaccionnoticias.com.mx\/index.php?rest_route=\/wp\/v2\/posts\/8286\/revisions"}],"wp:attachment":[{"href":"https:\/\/www.interaccionnoticias.com.mx\/index.php?rest_route=%2Fwp%2Fv2%2Fmedia&parent=8286"}],"wp:term":[{"taxonomy":"category","embeddable":true,"href":"https:\/\/www.interaccionnoticias.com.mx\/index.php?rest_route=%2Fwp%2Fv2%2Fcategories&post=8286"},{"taxonomy":"post_tag","embeddable":true,"href":"https:\/\/www.interaccionnoticias.com.mx\/index.php?rest_route=%2Fwp%2Fv2%2Ftags&post=8286"}],"curies":[{"name":"wp","href":"https:\/\/api.w.org\/{rel}","templated":true}]}}