{"id":826,"date":"2017-01-13T13:28:37","date_gmt":"2017-01-13T19:28:37","guid":{"rendered":"http:\/\/www.inter-accion.com.mx\/?p=826"},"modified":"2017-01-13T13:28:37","modified_gmt":"2017-01-13T19:28:37","slug":"proponen-a-javier-saldana-para-un-segundo-rectorado","status":"publish","type":"post","link":"https:\/\/www.interaccionnoticias.com.mx\/?p=826","title":{"rendered":"Proponen a Javier Salda\u00f1a para un segundo rectorado"},"content":{"rendered":"<h3 dir=\"auto\"><strong>Grupo Universidad, liderado por Florentino Cruz da a conocer el acuerdo<\/strong><\/h3>\n<div dir=\"auto\">&nbsp;<\/div>\n<div dir=\"auto\">&nbsp;<\/div>\n<div dir=\"auto\">Por unanimidad, el Grupo Universidad por Guerrero, que integra al 95% de las organizaciones universitarias, eligi\u00f3 a Javier Salda\u00f1a Almaz\u00e1n para encabezar una candidatura de unidad en las pr\u00f3ximas elecciones para rector de la UAGro, al considerar su rectorado como impulsor de la estabilidad interna y de grandes avances acad\u00e9micos.<\/div>\n<div dir=\"auto\">&nbsp;<\/div>\n<div dir=\"auto\">En conferencia de prensa, el vocero del Grupo Universidad, Florentino Cruz Ram\u00edrez, dio a conocer la decisi\u00f3n, acto en el que estuvo acompa\u00f1ado por los ex rectores, Ram\u00f3n Reyes Carreto, Marcial Rodr\u00edguez Salda\u00f1a, Alberto Salgado y Arturo Contreras as\u00ed como de los secretarios sindicales Ofelio Mart\u00ednez Llanes y Brenda Alcaraz Gonz\u00e1lez, y liderazgos sindicales.<\/div>\n<div dir=\"auto\">&nbsp;<\/div>\n<div dir=\"auto\">Cruz Ram\u00edrez afirm\u00f3 que el Grupo Universidad por Guerrero determin\u00f3 continuar &nbsp;con el proyecto de Salda\u00f1a Almaz\u00e1n, ya que en su gesti\u00f3n \u201cha sentado las bases de un gran trabajo al transformarnos en una de las mejores 20 universidades del pa\u00eds, con altos est\u00e1ndares de calidad\u201d.<\/div>\n<div dir=\"auto\">&nbsp;<\/div>\n<div dir=\"auto\">\u201cHemos decidido que Javier Salda\u00f1a encabece la nueva elecci\u00f3n de rector, siendo el representante &nbsp;con el m\u00e1s amplio consenso de las escuelas y facultades de nuestra m\u00e1xima casa de estudios\u201d, argument\u00f3.<\/div>\n<div dir=\"auto\">&nbsp;<\/div>\n<div dir=\"auto\">As\u00ed mismo, se\u00f1al\u00f3 que a trav\u00e9s de la historia y en los \u00faltimos 4 a\u00f1os \u201cle hemos ayudado much\u00edsimo al estado de Guerrero y creemos que es indispensable fortalecer la unidad debido a la situaci\u00f3n delicada que atraviesa nuestra entidad\u201d.<\/div>\n<div dir=\"auto\">&nbsp;<\/div>\n<div dir=\"auto\">Por su parte, el ex rector Ram\u00f3n Reyes Carreto manifest\u00f3 que dicho acuerdo se tom\u00f3 con base en la consulta a la comunidad universitaria y dej\u00f3 claro que en el siguiente proceso electoral \u201cest\u00e1 garantizada la participaci\u00f3n de todos\u201d.<\/div>\n<div dir=\"auto\">&nbsp;<\/div>\n<div dir=\"auto\">Sin embargo, Reyes Carreto defini\u00f3 que en estos momentos \u201cno es necesario que haya muchos candidatos, y apostamos por la firme postura de mantener la estabilidad democr\u00e1tica de la UAGro\u201d.<\/div>\n<div dir=\"auto\">&nbsp;<\/div>\n<div dir=\"auto\">Este viernes, el Consejo Universitario, m\u00e1ximo \u00f3rgano de gobierno universitario sesionar\u00e1 en Acapulco y acordar\u00e1 &nbsp;la fecha de la publicaci\u00f3n de la convocatoria electoral, de acuerdo con los estatutos de la Ley Org\u00e1nica, &nbsp;que definir\u00e1 al rector para el ciclo 2017-2021.<\/div>\n","protected":false},"excerpt":{"rendered":"<p>Grupo Universidad, liderado por Florentino Cruz da a conocer el acuerdo &nbsp; &nbsp; Por unanimidad, el Grupo Universidad por Guerrero, que integra al 95% de las organizaciones universitarias, eligi\u00f3 a&hellip; <\/p>\n","protected":false},"author":1,"featured_media":0,"comment_status":"open","ping_status":"open","sticky":false,"template":"","format":"standard","meta":{"fifu_image_url":"","fifu_image_alt":"","footnotes":""},"categories":[8,30],"tags":[],"class_list":["post-826","post","type-post","status-publish","format-standard","hentry","category-featured","category-universidad"],"_links":{"self":[{"href":"https:\/\/www.interaccionnoticias.com.mx\/index.php?rest_route=\/wp\/v2\/posts\/826","targetHints":{"allow":["GET"]}}],"collection":[{"href":"https:\/\/www.interaccionnoticias.com.mx\/index.php?rest_route=\/wp\/v2\/posts"}],"about":[{"href":"https:\/\/www.interaccionnoticias.com.mx\/index.php?rest_route=\/wp\/v2\/types\/post"}],"author":[{"embeddable":true,"href":"https:\/\/www.interaccionnoticias.com.mx\/index.php?rest_route=\/wp\/v2\/users\/1"}],"replies":[{"embeddable":true,"href":"https:\/\/www.interaccionnoticias.com.mx\/index.php?rest_route=%2Fwp%2Fv2%2Fcomments&post=826"}],"version-history":[{"count":0,"href":"https:\/\/www.interaccionnoticias.com.mx\/index.php?rest_route=\/wp\/v2\/posts\/826\/revisions"}],"wp:attachment":[{"href":"https:\/\/www.interaccionnoticias.com.mx\/index.php?rest_route=%2Fwp%2Fv2%2Fmedia&parent=826"}],"wp:term":[{"taxonomy":"category","embeddable":true,"href":"https:\/\/www.interaccionnoticias.com.mx\/index.php?rest_route=%2Fwp%2Fv2%2Fcategories&post=826"},{"taxonomy":"post_tag","embeddable":true,"href":"https:\/\/www.interaccionnoticias.com.mx\/index.php?rest_route=%2Fwp%2Fv2%2Ftags&post=826"}],"curies":[{"name":"wp","href":"https:\/\/api.w.org\/{rel}","templated":true}]}}