{"id":8251,"date":"2017-09-19T19:54:03","date_gmt":"2017-09-20T00:54:03","guid":{"rendered":"http:\/\/www.inter-accion.com.mx\/?p=8251"},"modified":"2017-09-19T19:54:03","modified_gmt":"2017-09-20T00:54:03","slug":"integran-comites-de-evaluacion-de-danos-en-27-municipios-de-guerrero-tras-el-paso-del-huracan-max","status":"publish","type":"post","link":"https:\/\/www.interaccionnoticias.com.mx\/?p=8251","title":{"rendered":"Integran comit\u00e9s de evaluaci\u00f3n de da\u00f1os en 27 municipios de Guerrero, tras el paso del hurac\u00e1n M\u00e1x"},"content":{"rendered":"<p>Conf\u00edan en que habr\u00e1 respuesta positiva&nbsp;<br \/>\nLa ma\u00f1ana del martes se integraron los comit\u00e9s de evaluaci\u00f3n de da\u00f1os en 27 municipios de la entidad, los que sufrieron da\u00f1os tras el paso del hurac\u00e1n M\u00e1x, el gobernador H\u00e9ctor Astudillo Flores confi\u00f3 en que una vez atendida la contingencia en los estados de Chiapas y Oaxaca por el sismo de 8.2 grados, habr\u00eda condiciones para atender las afectaciones generadas en la Costa Chica.<br \/>\nEn la residencia oficial Casa Guerrero, el gobernador encabez\u00f3 la instalaci\u00f3n del Comit\u00e9 de Evaluaci\u00f3n de Da\u00f1os y sostuvo que la jornada del lunes tuvo la oportunidad de dialogar hasta en dos ocasiones con el presidente de la Rep\u00fablica, Enrique Pe\u00f1a Nieto, quien conoce plenamente lo sucedido en esta entidad federativa.<br \/>\nAstudillo Flores indic\u00f3 que tambi\u00e9n dialog\u00f3 con el secretario de Gobernaci\u00f3n, Miguel Angel Osorio Chong y funcionarios de la Secretar\u00eda de Hacienda y Cr\u00e9dito P\u00fablico (SHCP), de tal suerte que este mi\u00e9rcoles habr\u00e1 una reuni\u00f3n en la capital del pa\u00eds.<br \/>\nIndic\u00f3 que hay una afectaci\u00f3n severa en el campo, ya que por lo menos 30 mil hect\u00e1reas de cultivo fueron severamente impactadas, aunque la administraci\u00f3n estatal estuvo muy pendiente de lo relacionado con los seguros catastr\u00f3ficos.<br \/>\nNo descart\u00f3 la posibilidad de que en t\u00e9rminos globales, en la Costa Chica se llegue al punto de contar de 4 mil a 4 mil 500 familias damnificadas por las lluvias generadas por el hurac\u00e1n.<br \/>\nManifest\u00f3 que en un promedio de 20 d\u00edas haya una respuesta por parte del Fondo de Desastres Naturales (Fonden) emita una respuesta en torno a la petici\u00f3n de que 27 municipios sean declarados como zona de emergencia.<br \/>\nEl jefe del Ejecutivo local manifest\u00f3 que seguramente se perdieron cabezas de ganado, lo que se habr\u00e1 de contabilizar una vez baje el nivel del agua en las inundaciones.<br \/>\nEl jefe del Ejecutivo local, manifest\u00f3 que la poblaci\u00f3n debe mantenerse a la expectativa, puesto que septiembre y octubre son los meses m\u00e1s complicados en materia de huracanes<\/p>\n","protected":false},"excerpt":{"rendered":"<p>Conf\u00edan en que habr\u00e1 respuesta positiva&nbsp; La ma\u00f1ana del martes se integraron los comit\u00e9s de evaluaci\u00f3n de da\u00f1os en 27 municipios de la entidad, los que sufrieron da\u00f1os tras el&hellip; <\/p>\n","protected":false},"author":1,"featured_media":0,"comment_status":"closed","ping_status":"closed","sticky":false,"template":"","format":"standard","meta":{"fifu_image_url":"","fifu_image_alt":"","footnotes":""},"categories":[8,11],"tags":[],"class_list":["post-8251","post","type-post","status-publish","format-standard","hentry","category-featured","category-guerrero"],"_links":{"self":[{"href":"https:\/\/www.interaccionnoticias.com.mx\/index.php?rest_route=\/wp\/v2\/posts\/8251","targetHints":{"allow":["GET"]}}],"collection":[{"href":"https:\/\/www.interaccionnoticias.com.mx\/index.php?rest_route=\/wp\/v2\/posts"}],"about":[{"href":"https:\/\/www.interaccionnoticias.com.mx\/index.php?rest_route=\/wp\/v2\/types\/post"}],"author":[{"embeddable":true,"href":"https:\/\/www.interaccionnoticias.com.mx\/index.php?rest_route=\/wp\/v2\/users\/1"}],"replies":[{"embeddable":true,"href":"https:\/\/www.interaccionnoticias.com.mx\/index.php?rest_route=%2Fwp%2Fv2%2Fcomments&post=8251"}],"version-history":[{"count":0,"href":"https:\/\/www.interaccionnoticias.com.mx\/index.php?rest_route=\/wp\/v2\/posts\/8251\/revisions"}],"wp:attachment":[{"href":"https:\/\/www.interaccionnoticias.com.mx\/index.php?rest_route=%2Fwp%2Fv2%2Fmedia&parent=8251"}],"wp:term":[{"taxonomy":"category","embeddable":true,"href":"https:\/\/www.interaccionnoticias.com.mx\/index.php?rest_route=%2Fwp%2Fv2%2Fcategories&post=8251"},{"taxonomy":"post_tag","embeddable":true,"href":"https:\/\/www.interaccionnoticias.com.mx\/index.php?rest_route=%2Fwp%2Fv2%2Ftags&post=8251"}],"curies":[{"name":"wp","href":"https:\/\/api.w.org\/{rel}","templated":true}]}}