{"id":82411,"date":"2024-10-01T17:16:00","date_gmt":"2024-10-01T22:16:00","guid":{"rendered":"https:\/\/www.interaccionnoticias.com.mx\/?p=82411"},"modified":"2024-10-01T23:52:59","modified_gmt":"2024-10-02T04:52:59","slug":"confirma-evelyn-salgado-la-visita-de-la-presidenta-claudia-sheinbaum-pardo","status":"publish","type":"post","link":"https:\/\/www.interaccionnoticias.com.mx\/?p=82411","title":{"rendered":"Confirma Evelyn Salgado la visita de la presidenta Claudia Sheinbaum Pardo"},"content":{"rendered":"\n<p>&#8212; Es la primera gira que realiza como presidenta en funciones<br>&#8212; Habr\u00e1 una evaluaci\u00f3n de las afectaciones generadas por el hurac\u00e1n John<\/p>\n\n\n\n<p>Rogelio Agust\u00edn Esteban<\/p>\n\n\n\n<p>La gobernadora Evelyn Salgado Pineda confirm\u00f3 que este mi\u00e9rcoles 2 de octubre, la presidenta de la Rep\u00fablica, Claudia Sheinbaum Pardo visitar\u00e1 al estado de Guerrero para dar seguimiento a los trabajos que se realizan para la superaci\u00f3n de los estragos generados por el hurac\u00e1n John.<\/p>\n\n\n\n<p>La jefa del Ejecutivo local, colg\u00f3 un video en sus redes sociales, en el que inform\u00f3 que estuvo en la Ciudad de M\u00e9xico representando al estado en el acto de toma de posesi\u00f3n de la primera presidenta de la Rep\u00fablica que tiene el pa\u00eds.<\/p>\n\n\n\n<p>En dicho evento, destac\u00f3 que la presidenta Sheinbaum Pardo confirm\u00f3 que este mi\u00e9rcoles 2 de octubre estar\u00e1 en Guerrero para dar seguimiento a las acciones que se han llevado a cabo, en el contexto del proceso de recuperaci\u00f3n de los da\u00f1os provocados por el hurac\u00e1n John.<\/p>\n\n\n\n<p>La gobernadora consider\u00f3 importante que la primer visita que realiza Claudia Sheinbaum como presidenta en funciones tenga verificativo en Guerrero.<\/p>\n\n\n\n<p>\u201cEn estos momentos nuestro pueblo enfrenta un nuevo reto a consecuencia de las afectaciones que dej\u00f3 el hurac\u00e1n John, eso habla de su sensibilidad y del compromiso con el estado\u201d, anot\u00f3.<\/p>\n\n\n\n<p>Con este anuncio, dijo que est\u00e1 claro que el estado de Guerrero no est\u00e1 solo, pues cuenta con el acompa\u00f1amiento de la administraci\u00f3n federal, como en su momento lo hizo el ex presidente Andr\u00e9s Manuel L\u00f3pez Obrador.<\/p>\n\n\n\n<p>De acuerdo con la gobernadora, las lluvias provocadas por el hurac\u00e1n John han provocado da\u00f1os en las ocho regiones de la entidad, por lo que pr\u00e1cticamente todos los integrantes de la estructura estatal se encuentran abocados al registro de los mismos.<\/p>\n","protected":false},"excerpt":{"rendered":"<p>&#8212; Es la primera gira que realiza como presidenta en funciones&#8212; Habr\u00e1 una evaluaci\u00f3n de las afectaciones generadas por el hurac\u00e1n John Rogelio Agust\u00edn Esteban La gobernadora Evelyn Salgado Pineda&hellip; <\/p>\n","protected":false},"author":21,"featured_media":82412,"comment_status":"open","ping_status":"open","sticky":false,"template":"","format":"standard","meta":{"fifu_image_url":"","fifu_image_alt":"","footnotes":""},"categories":[11],"tags":[],"class_list":["post-82411","post","type-post","status-publish","format-standard","has-post-thumbnail","hentry","category-guerrero"],"_links":{"self":[{"href":"https:\/\/www.interaccionnoticias.com.mx\/index.php?rest_route=\/wp\/v2\/posts\/82411","targetHints":{"allow":["GET"]}}],"collection":[{"href":"https:\/\/www.interaccionnoticias.com.mx\/index.php?rest_route=\/wp\/v2\/posts"}],"about":[{"href":"https:\/\/www.interaccionnoticias.com.mx\/index.php?rest_route=\/wp\/v2\/types\/post"}],"author":[{"embeddable":true,"href":"https:\/\/www.interaccionnoticias.com.mx\/index.php?rest_route=\/wp\/v2\/users\/21"}],"replies":[{"embeddable":true,"href":"https:\/\/www.interaccionnoticias.com.mx\/index.php?rest_route=%2Fwp%2Fv2%2Fcomments&post=82411"}],"version-history":[{"count":1,"href":"https:\/\/www.interaccionnoticias.com.mx\/index.php?rest_route=\/wp\/v2\/posts\/82411\/revisions"}],"predecessor-version":[{"id":82413,"href":"https:\/\/www.interaccionnoticias.com.mx\/index.php?rest_route=\/wp\/v2\/posts\/82411\/revisions\/82413"}],"wp:featuredmedia":[{"embeddable":true,"href":"https:\/\/www.interaccionnoticias.com.mx\/index.php?rest_route=\/wp\/v2\/media\/82412"}],"wp:attachment":[{"href":"https:\/\/www.interaccionnoticias.com.mx\/index.php?rest_route=%2Fwp%2Fv2%2Fmedia&parent=82411"}],"wp:term":[{"taxonomy":"category","embeddable":true,"href":"https:\/\/www.interaccionnoticias.com.mx\/index.php?rest_route=%2Fwp%2Fv2%2Fcategories&post=82411"},{"taxonomy":"post_tag","embeddable":true,"href":"https:\/\/www.interaccionnoticias.com.mx\/index.php?rest_route=%2Fwp%2Fv2%2Ftags&post=82411"}],"curies":[{"name":"wp","href":"https:\/\/api.w.org\/{rel}","templated":true}]}}