{"id":82280,"date":"2024-09-24T17:58:00","date_gmt":"2024-09-24T22:58:00","guid":{"rendered":"https:\/\/www.interaccionnoticias.com.mx\/?p=82280"},"modified":"2024-09-24T22:20:53","modified_gmt":"2024-09-25T03:20:53","slug":"presentan-en-el-congreso-local-iniciativa-para-castigar-el-bullying-en-escuelas-publicas-y-privadas","status":"publish","type":"post","link":"https:\/\/www.interaccionnoticias.com.mx\/?p=82280","title":{"rendered":"Presentan en el Congreso Local iniciativa para castigar el \u00abbullying\u00bb en escuelas p\u00fablicas y privadas"},"content":{"rendered":"\n<p><em><strong>&#8212; Busca sancionar a agresores por ejercer violencia f\u00edsica y psicol\u00f3gica<\/strong><\/em><\/p>\n\n\n\n<p><strong>Rosario Garc\u00eda Orozco<\/strong><\/p>\n\n\n\n<p>Tras considerar que el acoso escolar puede afectar gravemente el desarrollo de las ni\u00f1as, ni\u00f1os y adolescentes, la diputada local del PAN, Irene Montiel Serv\u00edn, present\u00f3 una iniciativa para castigar esta pr\u00e1ctica en escuelas p\u00fablicas y privadas de la entidad.<\/p>\n\n\n\n<p>De esa manera, dijo, se busca garantizar la seguridad de los menores de edad ante cualquier tipo de agresi\u00f3n y sancionar a quienes ejercen violencia f\u00edsica y psicol\u00f3gica, ya sean maestros, padres de familia, administrativos o los propios estudiantes.<\/p>\n\n\n\n<p>La propuesta pretende reformar los art\u00edculos 4, 137 y 138 de la Ley N\u00famero 464 de Educaci\u00f3n del Estado de Guerrero.<\/p>\n\n\n\n<p>La panista mencion\u00f3 que la Ley vigente en la materia no establece el bullying como una acci\u00f3n de gravedad, ni existe un apartado, art\u00edculo o disposici\u00f3n que considere la afectaci\u00f3n severa que sufren ni\u00f1as, ni\u00f1os y adolescentes.<\/p>\n\n\n\n<p>Por esa raz\u00f3n urgi\u00f3 a los grupos parlamentarios a integrar el acoso escolar, definirlo y castigarlo a la \u00abbrevedad\u00bb, no solo a los agresores, sino tambi\u00e9n a los prestadores de servicios educativos, ya que consider\u00f3 que no debe permitirse que bajo su cuidado se presenten esas acciones y omisiones,<\/p>\n\n\n\n<p>Montiel Serv\u00edn tambi\u00e9n explic\u00f3 que hay casos en los que los tutores denuncian el hecho ante la Fiscal\u00eda General Justicia de Guerrero, pero por \u201ctemor\u201d ya no ratifican la denuncia como lo solicita el \u00e1rea jur\u00eddica de la Secretar\u00eda de Educaci\u00f3n Estatal, por tal motivo, llam\u00f3 a los afectados a concluir con el proceso para sancionar a los victimarios.<\/p>\n","protected":false},"excerpt":{"rendered":"<p>&#8212; Busca sancionar a agresores por ejercer violencia f\u00edsica y psicol\u00f3gica Rosario Garc\u00eda Orozco Tras considerar que el acoso escolar puede afectar gravemente el desarrollo de las ni\u00f1as, ni\u00f1os y&hellip; <\/p>\n","protected":false},"author":14,"featured_media":82241,"comment_status":"open","ping_status":"open","sticky":false,"template":"","format":"standard","meta":{"fifu_image_url":"","fifu_image_alt":"","footnotes":""},"categories":[2],"tags":[],"class_list":["post-82280","post","type-post","status-publish","format-standard","has-post-thumbnail","hentry","category-congreso"],"_links":{"self":[{"href":"https:\/\/www.interaccionnoticias.com.mx\/index.php?rest_route=\/wp\/v2\/posts\/82280","targetHints":{"allow":["GET"]}}],"collection":[{"href":"https:\/\/www.interaccionnoticias.com.mx\/index.php?rest_route=\/wp\/v2\/posts"}],"about":[{"href":"https:\/\/www.interaccionnoticias.com.mx\/index.php?rest_route=\/wp\/v2\/types\/post"}],"author":[{"embeddable":true,"href":"https:\/\/www.interaccionnoticias.com.mx\/index.php?rest_route=\/wp\/v2\/users\/14"}],"replies":[{"embeddable":true,"href":"https:\/\/www.interaccionnoticias.com.mx\/index.php?rest_route=%2Fwp%2Fv2%2Fcomments&post=82280"}],"version-history":[{"count":1,"href":"https:\/\/www.interaccionnoticias.com.mx\/index.php?rest_route=\/wp\/v2\/posts\/82280\/revisions"}],"predecessor-version":[{"id":82281,"href":"https:\/\/www.interaccionnoticias.com.mx\/index.php?rest_route=\/wp\/v2\/posts\/82280\/revisions\/82281"}],"wp:featuredmedia":[{"embeddable":true,"href":"https:\/\/www.interaccionnoticias.com.mx\/index.php?rest_route=\/wp\/v2\/media\/82241"}],"wp:attachment":[{"href":"https:\/\/www.interaccionnoticias.com.mx\/index.php?rest_route=%2Fwp%2Fv2%2Fmedia&parent=82280"}],"wp:term":[{"taxonomy":"category","embeddable":true,"href":"https:\/\/www.interaccionnoticias.com.mx\/index.php?rest_route=%2Fwp%2Fv2%2Fcategories&post=82280"},{"taxonomy":"post_tag","embeddable":true,"href":"https:\/\/www.interaccionnoticias.com.mx\/index.php?rest_route=%2Fwp%2Fv2%2Ftags&post=82280"}],"curies":[{"name":"wp","href":"https:\/\/api.w.org\/{rel}","templated":true}]}}