{"id":82255,"date":"2024-09-24T16:54:00","date_gmt":"2024-09-24T21:54:00","guid":{"rendered":"https:\/\/www.interaccionnoticias.com.mx\/?p=82255"},"modified":"2024-09-24T21:26:27","modified_gmt":"2024-09-25T02:26:27","slug":"tampoco-habra-clases-este-miercoles-25-de-septiembre-en-guerrero","status":"publish","type":"post","link":"https:\/\/www.interaccionnoticias.com.mx\/?p=82255","title":{"rendered":"Tampoco habr\u00e1 clases este mi\u00e9rcoles 25 de septiembre en Guerrero"},"content":{"rendered":"\n<p><strong><em>&#8212; Ante las lluvias generadas por la tormenta tropical John, la SEG establece que no hay condiciones para regresar a las aulas<\/em><\/strong><\/p>\n\n\n\n<p><strong>Rogelio Agust\u00edn<\/strong><\/p>\n\n\n\n<p>Por segundo d\u00eda consecutivo, la Secretar\u00eda de Educaci\u00f3n Guerrero (SEG) suspendi\u00f3 las clases en todas las regiones del estado, ante la persistencia de las lluvias generadas por el hurac\u00e1n John.<\/p>\n\n\n\n<p>La tarde del martes 24 de septiembre, la SEG emiti\u00f3 un comunicado en el que destaca que en congruencia con las medidas preventivas acordadas en el Consejo Estatal de Protecci\u00f3n Civil, ante la evoluci\u00f3n del hurac\u00e1n a tormenta tropical John, es que se mantiene la determinaci\u00f3n de suspender las actividades acad\u00e9micas y administrativas en las escuelas de todos los niveles, en las ocho regiones de la entidad.<\/p>\n\n\n\n<p>La dependencia estatal destac\u00f3 que todav\u00eda no hay condiciones para levantar la suspensi\u00f3n que se decret\u00f3 para este martes 24, pues la intenci\u00f3n es mantener completamente a salvo a los alumnos, padres de familia, personal docente, administrativo y de intendencia.<\/p>\n\n\n\n<p>La SEG solicit\u00f3 a la poblaci\u00f3n mantenerse atenta de los canales oficiales de informaci\u00f3n, para no caer en la difusi\u00f3n de notan no confirmadas o carentes de sustento.<\/p>\n\n\n\n<div class=\"wp-block-jetpack-slideshow aligncenter\" data-effect=\"slide\"><div class=\"wp-block-jetpack-slideshow_container swiper-container\"><ul class=\"wp-block-jetpack-slideshow_swiper-wrapper swiper-wrapper\"><li class=\"wp-block-jetpack-slideshow_slide swiper-slide\"><figure><img decoding=\"async\" src=\"data:image\/gif;base64,R0lGODlhAQABAIAAAAAAAP\/\/\/ywAAAAAAQABAAACAUwAOw==\" fifu-lazy=\"1\" fifu-data-sizes=\"auto\" fifu-data-srcset=\"https:\/\/i3.wp.com\/www.interaccionnoticias.com.mx\/wp-content\/uploads\/2024\/09\/240924-suspenden-las-clases-1024x1024.jpg?ssl=1&w=75&resize=75&ssl=1 75w, https:\/\/i3.wp.com\/www.interaccionnoticias.com.mx\/wp-content\/uploads\/2024\/09\/240924-suspenden-las-clases-1024x1024.jpg?ssl=1&w=100&resize=100&ssl=1 100w, https:\/\/i3.wp.com\/www.interaccionnoticias.com.mx\/wp-content\/uploads\/2024\/09\/240924-suspenden-las-clases-1024x1024.jpg?ssl=1&w=150&resize=150&ssl=1 150w, https:\/\/i3.wp.com\/www.interaccionnoticias.com.mx\/wp-content\/uploads\/2024\/09\/240924-suspenden-las-clases-1024x1024.jpg?ssl=1&w=240&resize=240&ssl=1 240w, https:\/\/i3.wp.com\/www.interaccionnoticias.com.mx\/wp-content\/uploads\/2024\/09\/240924-suspenden-las-clases-1024x1024.jpg?ssl=1&w=320&resize=320&ssl=1 320w, https:\/\/i3.wp.com\/www.interaccionnoticias.com.mx\/wp-content\/uploads\/2024\/09\/240924-suspenden-las-clases-1024x1024.jpg?ssl=1&w=500&resize=500&ssl=1 500w, https:\/\/i3.wp.com\/www.interaccionnoticias.com.mx\/wp-content\/uploads\/2024\/09\/240924-suspenden-las-clases-1024x1024.jpg?ssl=1&w=640&resize=640&ssl=1 640w, https:\/\/i3.wp.com\/www.interaccionnoticias.com.mx\/wp-content\/uploads\/2024\/09\/240924-suspenden-las-clases-1024x1024.jpg?ssl=1&w=800&resize=800&ssl=1 800w, https:\/\/i3.wp.com\/www.interaccionnoticias.com.mx\/wp-content\/uploads\/2024\/09\/240924-suspenden-las-clases-1024x1024.jpg?ssl=1&w=1024&resize=1024&ssl=1 1024w, https:\/\/i3.wp.com\/www.interaccionnoticias.com.mx\/wp-content\/uploads\/2024\/09\/240924-suspenden-las-clases-1024x1024.jpg?ssl=1&w=1280&resize=1280&ssl=1 1280w, https:\/\/i3.wp.com\/www.interaccionnoticias.com.mx\/wp-content\/uploads\/2024\/09\/240924-suspenden-las-clases-1024x1024.jpg?ssl=1&w=1600&resize=1600&ssl=1 1600w\" alt=\"\" class=\"wp-block-jetpack-slideshow_image wp-image-82257\" data-id=\"82257\" fifu-data-src=\"https:\/\/i3.wp.com\/www.interaccionnoticias.com.mx\/wp-content\/uploads\/2024\/09\/240924-suspenden-las-clases-1024x1024.jpg?ssl=1\"\/><\/figure><\/li><\/ul><a class=\"wp-block-jetpack-slideshow_button-prev swiper-button-prev swiper-button-white\" role=\"button\"><\/a><a class=\"wp-block-jetpack-slideshow_button-next swiper-button-next swiper-button-white\" role=\"button\"><\/a><a aria-label=\"Pause Slideshow\" class=\"wp-block-jetpack-slideshow_button-pause\" role=\"button\"><\/a><div class=\"wp-block-jetpack-slideshow_pagination swiper-pagination swiper-pagination-white\"><\/div><\/div><\/div>\n","protected":false},"excerpt":{"rendered":"<p>&#8212; Ante las lluvias generadas por la tormenta tropical John, la SEG establece que no hay condiciones para regresar a las aulas Rogelio Agust\u00edn Por segundo d\u00eda consecutivo, la Secretar\u00eda&hellip; <\/p>\n","protected":false},"author":21,"featured_media":82256,"comment_status":"open","ping_status":"open","sticky":false,"template":"","format":"standard","meta":{"fifu_image_url":"","fifu_image_alt":"","footnotes":""},"categories":[6],"tags":[],"class_list":["post-82255","post","type-post","status-publish","format-standard","has-post-thumbnail","hentry","category-educacion"],"_links":{"self":[{"href":"https:\/\/www.interaccionnoticias.com.mx\/index.php?rest_route=\/wp\/v2\/posts\/82255","targetHints":{"allow":["GET"]}}],"collection":[{"href":"https:\/\/www.interaccionnoticias.com.mx\/index.php?rest_route=\/wp\/v2\/posts"}],"about":[{"href":"https:\/\/www.interaccionnoticias.com.mx\/index.php?rest_route=\/wp\/v2\/types\/post"}],"author":[{"embeddable":true,"href":"https:\/\/www.interaccionnoticias.com.mx\/index.php?rest_route=\/wp\/v2\/users\/21"}],"replies":[{"embeddable":true,"href":"https:\/\/www.interaccionnoticias.com.mx\/index.php?rest_route=%2Fwp%2Fv2%2Fcomments&post=82255"}],"version-history":[{"count":1,"href":"https:\/\/www.interaccionnoticias.com.mx\/index.php?rest_route=\/wp\/v2\/posts\/82255\/revisions"}],"predecessor-version":[{"id":82258,"href":"https:\/\/www.interaccionnoticias.com.mx\/index.php?rest_route=\/wp\/v2\/posts\/82255\/revisions\/82258"}],"wp:featuredmedia":[{"embeddable":true,"href":"https:\/\/www.interaccionnoticias.com.mx\/index.php?rest_route=\/wp\/v2\/media\/82256"}],"wp:attachment":[{"href":"https:\/\/www.interaccionnoticias.com.mx\/index.php?rest_route=%2Fwp%2Fv2%2Fmedia&parent=82255"}],"wp:term":[{"taxonomy":"category","embeddable":true,"href":"https:\/\/www.interaccionnoticias.com.mx\/index.php?rest_route=%2Fwp%2Fv2%2Fcategories&post=82255"},{"taxonomy":"post_tag","embeddable":true,"href":"https:\/\/www.interaccionnoticias.com.mx\/index.php?rest_route=%2Fwp%2Fv2%2Ftags&post=82255"}],"curies":[{"name":"wp","href":"https:\/\/api.w.org\/{rel}","templated":true}]}}