{"id":82252,"date":"2024-09-24T16:11:00","date_gmt":"2024-09-24T21:11:00","guid":{"rendered":"https:\/\/www.interaccionnoticias.com.mx\/?p=82252"},"modified":"2024-09-24T20:55:20","modified_gmt":"2024-09-25T01:55:20","slug":"rinden-protesta-como-dos-diputadas-locales-de-morena","status":"publish","type":"post","link":"https:\/\/www.interaccionnoticias.com.mx\/?p=82252","title":{"rendered":"Rinden protesta como dos diputadas locales de MORENA"},"content":{"rendered":"\n<p><em><strong>&#8212; Diana Bernab\u00e9, electa en el distrito electoral 02 pidi\u00f3 licencia para asumir una suplencia, la del dirigente estatal del partido, Jacinto Gonz\u00e1lez Varona<br>&#8212; Mar\u00eda Luisa Antonio de la O asume la titularidad del Distrito 02, que dej\u00f3 vacante Diana Bernab\u00e9<\/strong><\/em><\/p>\n\n\n\n<p><strong>Yasm\u00edn Garc\u00eda<\/strong><\/p>\n\n\n\n<p>Las diputadas Diana Bernab\u00e9 Vega y Mar\u00eda Luisa Antonio de la O rindieron protesta ante el Pleno del Congreso local.<\/p>\n\n\n\n<p>Mar\u00eda Luisa Antonio de la O rindi\u00f3 protesta como diputada local por el distrito 02, quien era suplente de Diana Bernab\u00e9 Vega.<\/p>\n\n\n\n<p>Bernab\u00e9 Vega se instal\u00f3 en la suplencia del dirigente estatal de Morena, Jacinto Gonz\u00e1lez Varona, quien se separ\u00f3 de la curul el 19 de septiembre por la via de una licencia indefinida, para estar en condiciones de ser ratificado como presidente del Comit\u00e9 Ejcutivo Estatal (CEE) hasta el 1 de octubre de 2027.<\/p>\n\n\n\n<p>Gonz\u00e1lez Varona declar\u00f3 que no retomar\u00e1 su cargo como diputado local, pues estatutariamente se encuentra impedido para ocupar dos espacios.<\/p>\n\n\n\n<p>Con la licencia de Gonz\u00e1lez Varona, Bernab\u00e9 asume el espacio plurinominal, por lo que aumenta a 25 el n\u00famero de diputadas, mientras que los varones son 21 en la Sexag\u00e9sima Cuarta Legislatura local.<\/p>\n","protected":false},"excerpt":{"rendered":"<p>&#8212; Diana Bernab\u00e9, electa en el distrito electoral 02 pidi\u00f3 licencia para asumir una suplencia, la del dirigente estatal del partido, Jacinto Gonz\u00e1lez Varona&#8212; Mar\u00eda Luisa Antonio de la O&hellip; <\/p>\n","protected":false},"author":32,"featured_media":82253,"comment_status":"open","ping_status":"open","sticky":false,"template":"","format":"standard","meta":{"fifu_image_url":"","fifu_image_alt":"","footnotes":""},"categories":[2],"tags":[],"class_list":["post-82252","post","type-post","status-publish","format-standard","has-post-thumbnail","hentry","category-congreso"],"_links":{"self":[{"href":"https:\/\/www.interaccionnoticias.com.mx\/index.php?rest_route=\/wp\/v2\/posts\/82252","targetHints":{"allow":["GET"]}}],"collection":[{"href":"https:\/\/www.interaccionnoticias.com.mx\/index.php?rest_route=\/wp\/v2\/posts"}],"about":[{"href":"https:\/\/www.interaccionnoticias.com.mx\/index.php?rest_route=\/wp\/v2\/types\/post"}],"author":[{"embeddable":true,"href":"https:\/\/www.interaccionnoticias.com.mx\/index.php?rest_route=\/wp\/v2\/users\/32"}],"replies":[{"embeddable":true,"href":"https:\/\/www.interaccionnoticias.com.mx\/index.php?rest_route=%2Fwp%2Fv2%2Fcomments&post=82252"}],"version-history":[{"count":1,"href":"https:\/\/www.interaccionnoticias.com.mx\/index.php?rest_route=\/wp\/v2\/posts\/82252\/revisions"}],"predecessor-version":[{"id":82254,"href":"https:\/\/www.interaccionnoticias.com.mx\/index.php?rest_route=\/wp\/v2\/posts\/82252\/revisions\/82254"}],"wp:featuredmedia":[{"embeddable":true,"href":"https:\/\/www.interaccionnoticias.com.mx\/index.php?rest_route=\/wp\/v2\/media\/82253"}],"wp:attachment":[{"href":"https:\/\/www.interaccionnoticias.com.mx\/index.php?rest_route=%2Fwp%2Fv2%2Fmedia&parent=82252"}],"wp:term":[{"taxonomy":"category","embeddable":true,"href":"https:\/\/www.interaccionnoticias.com.mx\/index.php?rest_route=%2Fwp%2Fv2%2Fcategories&post=82252"},{"taxonomy":"post_tag","embeddable":true,"href":"https:\/\/www.interaccionnoticias.com.mx\/index.php?rest_route=%2Fwp%2Fv2%2Ftags&post=82252"}],"curies":[{"name":"wp","href":"https:\/\/api.w.org\/{rel}","templated":true}]}}