{"id":82238,"date":"2024-09-24T15:35:00","date_gmt":"2024-09-24T20:35:00","guid":{"rendered":"https:\/\/www.interaccionnoticias.com.mx\/?p=82238"},"modified":"2024-09-24T20:51:21","modified_gmt":"2024-09-25T01:51:21","slug":"necesario-que-en-guerrero-se-legisle-en-materia-de-cambio-climatico","status":"publish","type":"post","link":"https:\/\/www.interaccionnoticias.com.mx\/?p=82238","title":{"rendered":"Necesario que en Guerrero se legisle en materia de cambio clim\u00e1tico"},"content":{"rendered":"\n<p><em><strong>&#8212; Los fen\u00f3menos naturales \u00abnos agarran poco preparados\u00bb, asegur\u00f3 el coordinador del PVEM en el Congreso, Alejandro Carabias Icaza<\/strong><\/em><\/p>\n\n\n\n<p><strong>Rosario Garc\u00eda Orozco<\/strong><\/p>\n\n\n\n<p>El coordinador del Grupo Parlamentario del PVEM, Alejandro Carabias Icaza consider\u00f3 importante que Guerrero legisle en materia de cambio clim\u00e1tico, para que los fen\u00f3menos naturales ya no sigan tomando por sorpresa a las autoridades y la poblaci\u00f3n civil.<\/p>\n\n\n\n<p>Carabias Icaza sostuvo que cuando se tiene una legislaci\u00f3n en materia de cambio clim\u00e1tico se pueden hacer muchas cosas, aunque destac\u00f3 que desafortunadamente, como sucede en muchas otra \u00e1reas, la implementaci\u00f3n de las leyes actuales no son las que se quisieran.<\/p>\n\n\n\n<p>\u201cEs muy importante trabajar en esa materia porque se establecen instrumentos de pol\u00edtica ambiental, que sirven para tener acciones efectivas en materia de mitigaci\u00f3n y adaptaci\u00f3n al cambio clim\u00e1tico\u201d, destac\u00f3.<\/p>\n\n\n\n<p>Dijo que el cambio clim\u00e1tico es un fen\u00f3meno que ya golpea de manera severa y cada vez es m\u00e1s fuerte, lo cual se traduce en que los huracanes, lluvias torrenciales y sequ\u00edas, que en un futuro ser\u00e1n m\u00e1s frecuentes y agresivas.<\/p>\n\n\n\n<p>Carabias Icaza record\u00f3 que Guerrero cuenta con un instrumento llamado Atlas de Riesgo Clim\u00e1tico, que identifica los escenarios posibles en cuanto a los riesgos clim\u00e1ticos y conjuntamente con este instrumento, se establecer las medidas de mitigaci\u00f3n y los protocolos de emergencia, as\u00ed como la respuesta que se puede dar en apoyo a la poblaci\u00f3n, no obstante, reconoci\u00f3 que existe un avance que calific\u00f3 como incipiente.<\/p>\n\n\n\n<p>Record\u00f3 que tras el paso del hurac\u00e1n Otis, que fue de categor\u00eda 5, el puerto de Acapulco y Coyuca de Ben\u00edtez quedaron debastados, lo que en el mediano tiempo gener\u00f3 otro fen\u00f3meno que fueron los incendios forestales, debido a la inmensa cantidad de \u00e1rboles y matorrales derribados.<\/p>\n\n\n\n<p>El legislador destac\u00f3 que con el fen\u00f3meno del cambio clim\u00e1tico se hace necesario revisar la serie de propyestas que desde hace 10 a\u00f1os \u00e9l mismo present\u00f3, para generar acciones institucionales e instrumentos que permitan frenar la afectaci\u00f3n al medio ambiente, como la creaci\u00f3n de un Instituto de Cambio Clim\u00e1tico, que permita proveer a los municipios asesor\u00eda para que ellos puedan establecer planes y programas de adaptaci\u00f3n y mitigaci\u00f3n al cambio clim\u00e1tico.<\/p>\n\n\n\n<p>Lament\u00f3 que los ayuntamientos no cuenten con el personal t\u00e9cnico especializado, necesario para desarrollar las pol\u00edticas y los programas necesarios de adaptaci\u00f3n y mitigaci\u00f3n a este fen\u00f3meno, \u00abque en un momento ve\u00edamos como filmes de ciencia ficci\u00f3n, y hoy nos alcanz\u00f3 en la realidad.\u00bb.<\/p>\n","protected":false},"excerpt":{"rendered":"<p>&#8212; Los fen\u00f3menos naturales \u00abnos agarran poco preparados\u00bb, asegur\u00f3 el coordinador del PVEM en el Congreso, Alejandro Carabias Icaza Rosario Garc\u00eda Orozco El coordinador del Grupo Parlamentario del PVEM, Alejandro&hellip; <\/p>\n","protected":false},"author":14,"featured_media":82239,"comment_status":"open","ping_status":"open","sticky":false,"template":"","format":"standard","meta":{"fifu_image_url":"","fifu_image_alt":"","footnotes":""},"categories":[2],"tags":[],"class_list":["post-82238","post","type-post","status-publish","format-standard","has-post-thumbnail","hentry","category-congreso"],"_links":{"self":[{"href":"https:\/\/www.interaccionnoticias.com.mx\/index.php?rest_route=\/wp\/v2\/posts\/82238","targetHints":{"allow":["GET"]}}],"collection":[{"href":"https:\/\/www.interaccionnoticias.com.mx\/index.php?rest_route=\/wp\/v2\/posts"}],"about":[{"href":"https:\/\/www.interaccionnoticias.com.mx\/index.php?rest_route=\/wp\/v2\/types\/post"}],"author":[{"embeddable":true,"href":"https:\/\/www.interaccionnoticias.com.mx\/index.php?rest_route=\/wp\/v2\/users\/14"}],"replies":[{"embeddable":true,"href":"https:\/\/www.interaccionnoticias.com.mx\/index.php?rest_route=%2Fwp%2Fv2%2Fcomments&post=82238"}],"version-history":[{"count":1,"href":"https:\/\/www.interaccionnoticias.com.mx\/index.php?rest_route=\/wp\/v2\/posts\/82238\/revisions"}],"predecessor-version":[{"id":82251,"href":"https:\/\/www.interaccionnoticias.com.mx\/index.php?rest_route=\/wp\/v2\/posts\/82238\/revisions\/82251"}],"wp:featuredmedia":[{"embeddable":true,"href":"https:\/\/www.interaccionnoticias.com.mx\/index.php?rest_route=\/wp\/v2\/media\/82239"}],"wp:attachment":[{"href":"https:\/\/www.interaccionnoticias.com.mx\/index.php?rest_route=%2Fwp%2Fv2%2Fmedia&parent=82238"}],"wp:term":[{"taxonomy":"category","embeddable":true,"href":"https:\/\/www.interaccionnoticias.com.mx\/index.php?rest_route=%2Fwp%2Fv2%2Fcategories&post=82238"},{"taxonomy":"post_tag","embeddable":true,"href":"https:\/\/www.interaccionnoticias.com.mx\/index.php?rest_route=%2Fwp%2Fv2%2Ftags&post=82238"}],"curies":[{"name":"wp","href":"https:\/\/api.w.org\/{rel}","templated":true}]}}