{"id":82230,"date":"2024-09-24T11:33:00","date_gmt":"2024-09-24T16:33:00","guid":{"rendered":"https:\/\/www.interaccionnoticias.com.mx\/?p=82230"},"modified":"2024-09-24T17:02:09","modified_gmt":"2024-09-24T22:02:09","slug":"hay-cortes-electricos-y-de-telefonia-en-15-municipios-de-guerrero-luego-del-paso-del-huracan-john","status":"publish","type":"post","link":"https:\/\/www.interaccionnoticias.com.mx\/?p=82230","title":{"rendered":"Hay cortes el\u00e9ctricos y de telefon\u00eda en 15 municipios de Guerrero luego del paso del hurac\u00e1n \u201cJohn\u201d"},"content":{"rendered":"\n<p><strong><em>&#8212; Hasta el momento se reportan afectaciones menores en la entidad<\/em><\/strong><\/p>\n\n\n\n<p><strong>Jes\u00fas Dorantes<\/strong><\/p>\n\n\n\n<p><strong>Chilpancingo, Gro.-<\/strong> La Secretar\u00eda Integral de Gesti\u00f3n de Riesgos y Protecci\u00f3n Civil del Estado inform\u00f3 hasta el corte de las 10:00 horas del martes, dio a conocer qu\u00e9 se ten\u00edan registrados cortes de luz y telefon\u00eda en 15 municipios de la Costa Chica, Costa Grande, Acapulco, Centro y Centro tras el paso del hurac\u00e1n \u201cJohn\u201d.<\/p>\n\n\n\n<p>El fen\u00f3meno natural de categor\u00eda 3 impacto del municipio de Marquelia, alrededor de las 21:15 horas de lunes 23 de septiembre en la regi\u00f3n Costa Chica, causando ca\u00edda de \u00e1rboles, anuncios espectaculares, derrumbes carreteros y desprendimientos de techos de l\u00e1mina que no han sido cuantificados.<\/p>\n\n\n\n<p>Adem\u00e1s que debido a la ca\u00edda de cableado el\u00e9ctrico y de telefon\u00eda existen cortes de ambos servicios en los municipios de Marquelia, Copala, Juchit\u00e1n, Florencio Villareal, San Marcos, Tecoanapa, Ayutla de los Libres, Igualapa, Ometepec, San Luis Acatl\u00e1n, Azoy\u00fa, Las Vigas, San Nicol\u00e1s y Cuajinicuilapa.<\/p>\n\n\n\n<p>En su informe la secretar\u00eda de Protecci\u00f3n Civil estatal tambi\u00e9n dio a conocer que fueron retirados \u00e1rboles ca\u00eddos para liberar el paso vehicular de la carretera federal Acapulco- Pinotepa Nacional, as\u00ed como el auxilio a una persona de la tercera edad en Chilpancingo qu\u00e9 result\u00f3 lesionada en la comunidad de cotito luego de que cayera un \u00e1rbol sobre su domicilio.<\/p>\n\n\n\n<p><\/p>\n\n\n\n<div class=\"wp-block-jetpack-slideshow aligncenter\" data-effect=\"slide\"><div class=\"wp-block-jetpack-slideshow_container swiper-container\"><ul class=\"wp-block-jetpack-slideshow_swiper-wrapper swiper-wrapper\"><li class=\"wp-block-jetpack-slideshow_slide swiper-slide\"><figure><img decoding=\"async\" src=\"data:image\/gif;base64,R0lGODlhAQABAIAAAAAAAP\/\/\/ywAAAAAAQABAAACAUwAOw==\" fifu-lazy=\"1\" fifu-data-sizes=\"auto\" fifu-data-srcset=\"https:\/\/i3.wp.com\/www.interaccionnoticias.com.mx\/wp-content\/uploads\/2024\/09\/240924-cortes-electricos-Jhon-1024x683.jpg?ssl=1&w=75&resize=75&ssl=1 75w, https:\/\/i3.wp.com\/www.interaccionnoticias.com.mx\/wp-content\/uploads\/2024\/09\/240924-cortes-electricos-Jhon-1024x683.jpg?ssl=1&w=100&resize=100&ssl=1 100w, https:\/\/i3.wp.com\/www.interaccionnoticias.com.mx\/wp-content\/uploads\/2024\/09\/240924-cortes-electricos-Jhon-1024x683.jpg?ssl=1&w=150&resize=150&ssl=1 150w, https:\/\/i3.wp.com\/www.interaccionnoticias.com.mx\/wp-content\/uploads\/2024\/09\/240924-cortes-electricos-Jhon-1024x683.jpg?ssl=1&w=240&resize=240&ssl=1 240w, https:\/\/i3.wp.com\/www.interaccionnoticias.com.mx\/wp-content\/uploads\/2024\/09\/240924-cortes-electricos-Jhon-1024x683.jpg?ssl=1&w=320&resize=320&ssl=1 320w, https:\/\/i3.wp.com\/www.interaccionnoticias.com.mx\/wp-content\/uploads\/2024\/09\/240924-cortes-electricos-Jhon-1024x683.jpg?ssl=1&w=500&resize=500&ssl=1 500w, https:\/\/i3.wp.com\/www.interaccionnoticias.com.mx\/wp-content\/uploads\/2024\/09\/240924-cortes-electricos-Jhon-1024x683.jpg?ssl=1&w=640&resize=640&ssl=1 640w, https:\/\/i3.wp.com\/www.interaccionnoticias.com.mx\/wp-content\/uploads\/2024\/09\/240924-cortes-electricos-Jhon-1024x683.jpg?ssl=1&w=800&resize=800&ssl=1 800w, https:\/\/i3.wp.com\/www.interaccionnoticias.com.mx\/wp-content\/uploads\/2024\/09\/240924-cortes-electricos-Jhon-1024x683.jpg?ssl=1&w=1024&resize=1024&ssl=1 1024w, https:\/\/i3.wp.com\/www.interaccionnoticias.com.mx\/wp-content\/uploads\/2024\/09\/240924-cortes-electricos-Jhon-1024x683.jpg?ssl=1&w=1280&resize=1280&ssl=1 1280w, https:\/\/i3.wp.com\/www.interaccionnoticias.com.mx\/wp-content\/uploads\/2024\/09\/240924-cortes-electricos-Jhon-1024x683.jpg?ssl=1&w=1600&resize=1600&ssl=1 1600w\" alt=\"\" class=\"wp-block-jetpack-slideshow_image wp-image-82204\" data-id=\"82204\" fifu-data-src=\"https:\/\/i3.wp.com\/www.interaccionnoticias.com.mx\/wp-content\/uploads\/2024\/09\/240924-cortes-electricos-Jhon-1024x683.jpg?ssl=1\"\/><\/figure><\/li><li class=\"wp-block-jetpack-slideshow_slide swiper-slide\"><figure><img decoding=\"async\" src=\"data:image\/gif;base64,R0lGODlhAQABAIAAAAAAAP\/\/\/ywAAAAAAQABAAACAUwAOw==\" fifu-lazy=\"1\" fifu-data-sizes=\"auto\" fifu-data-srcset=\"https:\/\/i2.wp.com\/www.interaccionnoticias.com.mx\/wp-content\/uploads\/2024\/09\/240924-cortes-electricos-Jhon-1-1024x683.jpg?ssl=1&w=75&resize=75&ssl=1 75w, https:\/\/i2.wp.com\/www.interaccionnoticias.com.mx\/wp-content\/uploads\/2024\/09\/240924-cortes-electricos-Jhon-1-1024x683.jpg?ssl=1&w=100&resize=100&ssl=1 100w, https:\/\/i2.wp.com\/www.interaccionnoticias.com.mx\/wp-content\/uploads\/2024\/09\/240924-cortes-electricos-Jhon-1-1024x683.jpg?ssl=1&w=150&resize=150&ssl=1 150w, https:\/\/i2.wp.com\/www.interaccionnoticias.com.mx\/wp-content\/uploads\/2024\/09\/240924-cortes-electricos-Jhon-1-1024x683.jpg?ssl=1&w=240&resize=240&ssl=1 240w, https:\/\/i2.wp.com\/www.interaccionnoticias.com.mx\/wp-content\/uploads\/2024\/09\/240924-cortes-electricos-Jhon-1-1024x683.jpg?ssl=1&w=320&resize=320&ssl=1 320w, https:\/\/i2.wp.com\/www.interaccionnoticias.com.mx\/wp-content\/uploads\/2024\/09\/240924-cortes-electricos-Jhon-1-1024x683.jpg?ssl=1&w=500&resize=500&ssl=1 500w, https:\/\/i2.wp.com\/www.interaccionnoticias.com.mx\/wp-content\/uploads\/2024\/09\/240924-cortes-electricos-Jhon-1-1024x683.jpg?ssl=1&w=640&resize=640&ssl=1 640w, https:\/\/i2.wp.com\/www.interaccionnoticias.com.mx\/wp-content\/uploads\/2024\/09\/240924-cortes-electricos-Jhon-1-1024x683.jpg?ssl=1&w=800&resize=800&ssl=1 800w, https:\/\/i2.wp.com\/www.interaccionnoticias.com.mx\/wp-content\/uploads\/2024\/09\/240924-cortes-electricos-Jhon-1-1024x683.jpg?ssl=1&w=1024&resize=1024&ssl=1 1024w, https:\/\/i2.wp.com\/www.interaccionnoticias.com.mx\/wp-content\/uploads\/2024\/09\/240924-cortes-electricos-Jhon-1-1024x683.jpg?ssl=1&w=1280&resize=1280&ssl=1 1280w, https:\/\/i2.wp.com\/www.interaccionnoticias.com.mx\/wp-content\/uploads\/2024\/09\/240924-cortes-electricos-Jhon-1-1024x683.jpg?ssl=1&w=1600&resize=1600&ssl=1 1600w\" alt=\"\" class=\"wp-block-jetpack-slideshow_image wp-image-82205\" data-id=\"82205\" fifu-data-src=\"https:\/\/i2.wp.com\/www.interaccionnoticias.com.mx\/wp-content\/uploads\/2024\/09\/240924-cortes-electricos-Jhon-1-1024x683.jpg?ssl=1\"\/><\/figure><\/li><\/ul><a class=\"wp-block-jetpack-slideshow_button-prev swiper-button-prev swiper-button-white\" role=\"button\"><\/a><a class=\"wp-block-jetpack-slideshow_button-next swiper-button-next swiper-button-white\" role=\"button\"><\/a><a aria-label=\"Pause Slideshow\" class=\"wp-block-jetpack-slideshow_button-pause\" role=\"button\"><\/a><div class=\"wp-block-jetpack-slideshow_pagination swiper-pagination swiper-pagination-white\"><\/div><\/div><\/div>\n","protected":false},"excerpt":{"rendered":"<p>&#8212; Hasta el momento se reportan afectaciones menores en la entidad Jes\u00fas Dorantes Chilpancingo, Gro.- La Secretar\u00eda Integral de Gesti\u00f3n de Riesgos y Protecci\u00f3n Civil del Estado inform\u00f3 hasta el&hellip; <\/p>\n","protected":false},"author":8,"featured_media":82205,"comment_status":"open","ping_status":"open","sticky":false,"template":"","format":"standard","meta":{"fifu_image_url":"","fifu_image_alt":"","footnotes":""},"categories":[9],"tags":[],"class_list":["post-82230","post","type-post","status-publish","format-standard","has-post-thumbnail","hentry","category-fenomenos-naturales"],"_links":{"self":[{"href":"https:\/\/www.interaccionnoticias.com.mx\/index.php?rest_route=\/wp\/v2\/posts\/82230","targetHints":{"allow":["GET"]}}],"collection":[{"href":"https:\/\/www.interaccionnoticias.com.mx\/index.php?rest_route=\/wp\/v2\/posts"}],"about":[{"href":"https:\/\/www.interaccionnoticias.com.mx\/index.php?rest_route=\/wp\/v2\/types\/post"}],"author":[{"embeddable":true,"href":"https:\/\/www.interaccionnoticias.com.mx\/index.php?rest_route=\/wp\/v2\/users\/8"}],"replies":[{"embeddable":true,"href":"https:\/\/www.interaccionnoticias.com.mx\/index.php?rest_route=%2Fwp%2Fv2%2Fcomments&post=82230"}],"version-history":[{"count":1,"href":"https:\/\/www.interaccionnoticias.com.mx\/index.php?rest_route=\/wp\/v2\/posts\/82230\/revisions"}],"predecessor-version":[{"id":82231,"href":"https:\/\/www.interaccionnoticias.com.mx\/index.php?rest_route=\/wp\/v2\/posts\/82230\/revisions\/82231"}],"wp:featuredmedia":[{"embeddable":true,"href":"https:\/\/www.interaccionnoticias.com.mx\/index.php?rest_route=\/wp\/v2\/media\/82205"}],"wp:attachment":[{"href":"https:\/\/www.interaccionnoticias.com.mx\/index.php?rest_route=%2Fwp%2Fv2%2Fmedia&parent=82230"}],"wp:term":[{"taxonomy":"category","embeddable":true,"href":"https:\/\/www.interaccionnoticias.com.mx\/index.php?rest_route=%2Fwp%2Fv2%2Fcategories&post=82230"},{"taxonomy":"post_tag","embeddable":true,"href":"https:\/\/www.interaccionnoticias.com.mx\/index.php?rest_route=%2Fwp%2Fv2%2Ftags&post=82230"}],"curies":[{"name":"wp","href":"https:\/\/api.w.org\/{rel}","templated":true}]}}