{"id":8221,"date":"2017-09-19T09:49:25","date_gmt":"2017-09-19T14:49:25","guid":{"rendered":"http:\/\/www.inter-accion.com.mx\/?p=8221"},"modified":"2017-09-19T09:49:25","modified_gmt":"2017-09-19T14:49:25","slug":"pide-de-la-rosa-pelaez-la-renuncia-de-mojica-y-evodio","status":"publish","type":"post","link":"https:\/\/www.interaccionnoticias.com.mx\/?p=8221","title":{"rendered":"Pide De la Rosa Pel\u00e1ez, la renuncia de Mojica y Evodio"},"content":{"rendered":"<p>El diputado local con licencia del Partido de la Revoluci\u00f3n Democr\u00e1tica (PRD), Sebasti\u00e1n De la Rosa Pel\u00e1ez, exigi\u00f3 la renuncia de Beatriz Mojica Morga, para que pueda sumarse a la pugna por una candidatura al Senado de la Rep\u00fablica.<br \/>\nEl d\u00eda domingo, el coordinador estatal de Nueva Mayor\u00eda (NM), corriente interna del PRD, propuso como candidatos al Senado a Evodio Vel\u00e1zquez Aguirre, actual alcalde de Acapulco y a la ex candidata a la gubernatura de Guerrero, Beatriz Mojica.<br \/>\nDe la Rosa Pel\u00e1ez, manifest\u00f3 que Vel\u00e1zquez Aguirre, deb\u00eda ser congruente, puesto que no puede realizar actividades pol\u00edticas, cuando es servidor p\u00fablico.<br \/>\nSeg\u00fan declar\u00f3, tiene conocimiento de que otros dos compa\u00f1eros perredistas, tienen la pretensi\u00f3n de competir por un esca\u00f1o en el senado, aparte del alcalde de Acapulco y la secretaria general del PRD.<\/p>\n","protected":false},"excerpt":{"rendered":"<p>El diputado local con licencia del Partido de la Revoluci\u00f3n Democr\u00e1tica (PRD), Sebasti\u00e1n De la Rosa Pel\u00e1ez, exigi\u00f3 la renuncia de Beatriz Mojica Morga, para que pueda sumarse a la&hellip; <\/p>\n","protected":false},"author":1,"featured_media":0,"comment_status":"closed","ping_status":"closed","sticky":false,"template":"","format":"standard","meta":{"fifu_image_url":"","fifu_image_alt":"","footnotes":""},"categories":[8,18],"tags":[],"class_list":["post-8221","post","type-post","status-publish","format-standard","hentry","category-featured","category-partidos-politicos"],"_links":{"self":[{"href":"https:\/\/www.interaccionnoticias.com.mx\/index.php?rest_route=\/wp\/v2\/posts\/8221","targetHints":{"allow":["GET"]}}],"collection":[{"href":"https:\/\/www.interaccionnoticias.com.mx\/index.php?rest_route=\/wp\/v2\/posts"}],"about":[{"href":"https:\/\/www.interaccionnoticias.com.mx\/index.php?rest_route=\/wp\/v2\/types\/post"}],"author":[{"embeddable":true,"href":"https:\/\/www.interaccionnoticias.com.mx\/index.php?rest_route=\/wp\/v2\/users\/1"}],"replies":[{"embeddable":true,"href":"https:\/\/www.interaccionnoticias.com.mx\/index.php?rest_route=%2Fwp%2Fv2%2Fcomments&post=8221"}],"version-history":[{"count":0,"href":"https:\/\/www.interaccionnoticias.com.mx\/index.php?rest_route=\/wp\/v2\/posts\/8221\/revisions"}],"wp:attachment":[{"href":"https:\/\/www.interaccionnoticias.com.mx\/index.php?rest_route=%2Fwp%2Fv2%2Fmedia&parent=8221"}],"wp:term":[{"taxonomy":"category","embeddable":true,"href":"https:\/\/www.interaccionnoticias.com.mx\/index.php?rest_route=%2Fwp%2Fv2%2Fcategories&post=8221"},{"taxonomy":"post_tag","embeddable":true,"href":"https:\/\/www.interaccionnoticias.com.mx\/index.php?rest_route=%2Fwp%2Fv2%2Ftags&post=8221"}],"curies":[{"name":"wp","href":"https:\/\/api.w.org\/{rel}","templated":true}]}}