{"id":82188,"date":"2024-09-23T18:18:00","date_gmt":"2024-09-23T23:18:00","guid":{"rendered":"https:\/\/www.interaccionnoticias.com.mx\/?p=82188"},"modified":"2024-09-23T23:04:48","modified_gmt":"2024-09-24T04:04:48","slug":"suspenden-clases-seis-de-ocho-regiones-de-guerrero-por-el-huracan-john","status":"publish","type":"post","link":"https:\/\/www.interaccionnoticias.com.mx\/?p=82188","title":{"rendered":"Suspenden clases seis de ocho regiones de Guerrero, por el hurac\u00e1n John"},"content":{"rendered":"\n<p><strong><em>&#8212; Para evitar que estudiantes y maestros se encuentren en riesgo<\/em><\/strong><\/p>\n\n\n\n<p><strong>Rogelio Agust\u00edn<\/strong><\/p>\n\n\n\n<p>Derivado de la entrada a Guerrero del hurac\u00e1n John y de su evoluci\u00f3n a categor\u00eda 2, la Secretar\u00eda de Educaci\u00f3n Guerrero (SEG) decidi\u00f3 suspender clases en seis de las ocho regiones que integran al estado.<\/p>\n\n\n\n<p>La tarde del lunes 23 de septiembre, la SEG emiti\u00f3 un comunicado en el que da a conocer los acuerdos asumidos en coordinaci\u00f3n con la Secretar\u00eda de Gesti\u00f3n de Riesgos y Protecci\u00f3n Civil, tomando como base la evoluci\u00f3n del hurac\u00e1n John en el oc\u00e9ano pac\u00edfico.<\/p>\n\n\n\n<p>\u201cLa Secretar\u00eda de Educaci\u00f3n informa que se suspenden actividades escolares y administrativas presenciales en todas las escuelas p\u00fablicas y privadas de todos los niveles educativos; y en oficinas administrativas para el d\u00eda martes 24 de septiembre en las regiones de Acapulco-Coyuca; Costa Chica, Monta\u00f1a (alta y baja), Centro, Sierra y Costa Grande\u201d.<\/p>\n\n\n\n<p>Tambi\u00e9n se recomienda estar atentos a los reportes que emitan las redes sociales del Gobierno del Estado y la SEG.<\/p>\n","protected":false},"excerpt":{"rendered":"<p>&#8212; Para evitar que estudiantes y maestros se encuentren en riesgo Rogelio Agust\u00edn Derivado de la entrada a Guerrero del hurac\u00e1n John y de su evoluci\u00f3n a categor\u00eda 2, la&hellip; <\/p>\n","protected":false},"author":21,"featured_media":82189,"comment_status":"open","ping_status":"open","sticky":false,"template":"","format":"standard","meta":{"fifu_image_url":"","fifu_image_alt":"","footnotes":""},"categories":[6],"tags":[],"class_list":["post-82188","post","type-post","status-publish","format-standard","has-post-thumbnail","hentry","category-educacion"],"_links":{"self":[{"href":"https:\/\/www.interaccionnoticias.com.mx\/index.php?rest_route=\/wp\/v2\/posts\/82188","targetHints":{"allow":["GET"]}}],"collection":[{"href":"https:\/\/www.interaccionnoticias.com.mx\/index.php?rest_route=\/wp\/v2\/posts"}],"about":[{"href":"https:\/\/www.interaccionnoticias.com.mx\/index.php?rest_route=\/wp\/v2\/types\/post"}],"author":[{"embeddable":true,"href":"https:\/\/www.interaccionnoticias.com.mx\/index.php?rest_route=\/wp\/v2\/users\/21"}],"replies":[{"embeddable":true,"href":"https:\/\/www.interaccionnoticias.com.mx\/index.php?rest_route=%2Fwp%2Fv2%2Fcomments&post=82188"}],"version-history":[{"count":1,"href":"https:\/\/www.interaccionnoticias.com.mx\/index.php?rest_route=\/wp\/v2\/posts\/82188\/revisions"}],"predecessor-version":[{"id":82190,"href":"https:\/\/www.interaccionnoticias.com.mx\/index.php?rest_route=\/wp\/v2\/posts\/82188\/revisions\/82190"}],"wp:featuredmedia":[{"embeddable":true,"href":"https:\/\/www.interaccionnoticias.com.mx\/index.php?rest_route=\/wp\/v2\/media\/82189"}],"wp:attachment":[{"href":"https:\/\/www.interaccionnoticias.com.mx\/index.php?rest_route=%2Fwp%2Fv2%2Fmedia&parent=82188"}],"wp:term":[{"taxonomy":"category","embeddable":true,"href":"https:\/\/www.interaccionnoticias.com.mx\/index.php?rest_route=%2Fwp%2Fv2%2Fcategories&post=82188"},{"taxonomy":"post_tag","embeddable":true,"href":"https:\/\/www.interaccionnoticias.com.mx\/index.php?rest_route=%2Fwp%2Fv2%2Ftags&post=82188"}],"curies":[{"name":"wp","href":"https:\/\/api.w.org\/{rel}","templated":true}]}}