{"id":82161,"date":"2024-09-23T14:10:00","date_gmt":"2024-09-23T19:10:00","guid":{"rendered":"https:\/\/www.interaccionnoticias.com.mx\/?p=82161"},"modified":"2024-09-23T22:33:44","modified_gmt":"2024-09-24T03:33:44","slug":"comunitarios-de-paz-y-justicia-cercan-la-delegacion-de-la-fgr-en-chilpancingo","status":"publish","type":"post","link":"https:\/\/www.interaccionnoticias.com.mx\/?p=82161","title":{"rendered":"Comunitarios de \u201cPaz y Justicia\u201d cercan la delegaci\u00f3n de la FGR, en Chilpancingo"},"content":{"rendered":"\n<p><em><strong>&#8212; Exigen la liberaci\u00f3n de detenido y la anulaci\u00f3n de 17 \u00f3rdenes de aprehensi\u00f3n<\/strong><\/em><\/p>\n\n\n\n<p><strong>Jes\u00fas Dorantes<\/strong><\/p>\n\n\n\n<p>Integrantes de la autodenominada Polic\u00eda Comunitaria \u201cPaz y Justicia\u201d, que opera en comunidades de Chilapa establecieron un cerco humano en torno a la delegaci\u00f3n de la Fiscal\u00eda General de la Rep\u00fablica (FGR) para exigir la liberaci\u00f3n del ex comisario Juan Emiliano Morales Salmer\u00f3n, as\u00ed como la eliminaci\u00f3n de 17 \u00f3rdenes de aprehensi\u00f3n, casi todas relacionadas con supuestas actividades de delincuencia organizada.<\/p>\n\n\n\n<p>Pasadas las 13:00 horas del lunes 23 de septiembre, un grupo de 300 pobladores de 68 comunidades de Chilapa de \u00c1lvarez arribaron a la parte sur de Chilpancingo, para plantarse en torno a los accesos de la delegaci\u00f3n estatal de la FGR.<\/p>\n\n\n\n<p>Severino Gonz\u00e1lez Dircio, coordinador de la organizaci\u00f3n de referencia, explic\u00f3 que la manifestaci\u00f3n ten\u00eda la intenci\u00f3n de exigir la liberaci\u00f3n del ex comisario Juan Emiliano Morales Salmer\u00f3n, as\u00ed como la eliminaci\u00f3n 17 \u00f3rdenes de aprehensi\u00f3n en contra de integrantes de Paz y Justicia, ya que sostiene que lo que han hecho es trabajar para garantizar la seguridad de sus pueblos.<\/p>\n\n\n\n<p>Advirti\u00f3 que en caso de no ser atendidos, ellos ingresar\u00edan por la fuerza a las instalaciones y retendr\u00edan al personal que se encontraba trabajando.<\/p>\n\n\n\n<p>Varios de los manifestantes ten\u00edan cubierto el rostro con paliacates y pedazos de tela, otros portaban palos, tubos y varillas de metal.<\/p>\n\n\n\n<p>Representantes de la FGR les ofrecieron la integraci\u00f3n de una comisi\u00f3n que entrara a dialogar.<\/p>\n\n\n\n<div class=\"wp-block-jetpack-slideshow aligncenter\" data-effect=\"slide\"><div class=\"wp-block-jetpack-slideshow_container swiper-container\"><ul class=\"wp-block-jetpack-slideshow_swiper-wrapper swiper-wrapper\"><li class=\"wp-block-jetpack-slideshow_slide swiper-slide\"><figure><img decoding=\"async\" src=\"data:image\/gif;base64,R0lGODlhAQABAIAAAAAAAP\/\/\/ywAAAAAAQABAAACAUwAOw==\" fifu-lazy=\"1\" fifu-data-sizes=\"auto\" fifu-data-srcset=\"https:\/\/i3.wp.com\/www.interaccionnoticias.com.mx\/wp-content\/uploads\/2024\/09\/240923-Comunitarios-Paz-y-Justicia-5-1024x683.jpg?ssl=1&w=75&resize=75&ssl=1 75w, https:\/\/i3.wp.com\/www.interaccionnoticias.com.mx\/wp-content\/uploads\/2024\/09\/240923-Comunitarios-Paz-y-Justicia-5-1024x683.jpg?ssl=1&w=100&resize=100&ssl=1 100w, https:\/\/i3.wp.com\/www.interaccionnoticias.com.mx\/wp-content\/uploads\/2024\/09\/240923-Comunitarios-Paz-y-Justicia-5-1024x683.jpg?ssl=1&w=150&resize=150&ssl=1 150w, https:\/\/i3.wp.com\/www.interaccionnoticias.com.mx\/wp-content\/uploads\/2024\/09\/240923-Comunitarios-Paz-y-Justicia-5-1024x683.jpg?ssl=1&w=240&resize=240&ssl=1 240w, https:\/\/i3.wp.com\/www.interaccionnoticias.com.mx\/wp-content\/uploads\/2024\/09\/240923-Comunitarios-Paz-y-Justicia-5-1024x683.jpg?ssl=1&w=320&resize=320&ssl=1 320w, https:\/\/i3.wp.com\/www.interaccionnoticias.com.mx\/wp-content\/uploads\/2024\/09\/240923-Comunitarios-Paz-y-Justicia-5-1024x683.jpg?ssl=1&w=500&resize=500&ssl=1 500w, https:\/\/i3.wp.com\/www.interaccionnoticias.com.mx\/wp-content\/uploads\/2024\/09\/240923-Comunitarios-Paz-y-Justicia-5-1024x683.jpg?ssl=1&w=640&resize=640&ssl=1 640w, https:\/\/i3.wp.com\/www.interaccionnoticias.com.mx\/wp-content\/uploads\/2024\/09\/240923-Comunitarios-Paz-y-Justicia-5-1024x683.jpg?ssl=1&w=800&resize=800&ssl=1 800w, https:\/\/i3.wp.com\/www.interaccionnoticias.com.mx\/wp-content\/uploads\/2024\/09\/240923-Comunitarios-Paz-y-Justicia-5-1024x683.jpg?ssl=1&w=1024&resize=1024&ssl=1 1024w, https:\/\/i3.wp.com\/www.interaccionnoticias.com.mx\/wp-content\/uploads\/2024\/09\/240923-Comunitarios-Paz-y-Justicia-5-1024x683.jpg?ssl=1&w=1280&resize=1280&ssl=1 1280w, https:\/\/i3.wp.com\/www.interaccionnoticias.com.mx\/wp-content\/uploads\/2024\/09\/240923-Comunitarios-Paz-y-Justicia-5-1024x683.jpg?ssl=1&w=1600&resize=1600&ssl=1 1600w\" alt=\"\" class=\"wp-block-jetpack-slideshow_image wp-image-82162\" data-id=\"82162\" fifu-data-src=\"https:\/\/i3.wp.com\/www.interaccionnoticias.com.mx\/wp-content\/uploads\/2024\/09\/240923-Comunitarios-Paz-y-Justicia-5-1024x683.jpg?ssl=1\"\/><\/figure><\/li><li class=\"wp-block-jetpack-slideshow_slide swiper-slide\"><figure><img decoding=\"async\" src=\"data:image\/gif;base64,R0lGODlhAQABAIAAAAAAAP\/\/\/ywAAAAAAQABAAACAUwAOw==\" fifu-lazy=\"1\" fifu-data-sizes=\"auto\" fifu-data-srcset=\"https:\/\/i3.wp.com\/www.interaccionnoticias.com.mx\/wp-content\/uploads\/2024\/09\/240923-Comunitarios-Paz-y-Justicia-2-1024x683.jpg?ssl=1&w=75&resize=75&ssl=1 75w, https:\/\/i3.wp.com\/www.interaccionnoticias.com.mx\/wp-content\/uploads\/2024\/09\/240923-Comunitarios-Paz-y-Justicia-2-1024x683.jpg?ssl=1&w=100&resize=100&ssl=1 100w, https:\/\/i3.wp.com\/www.interaccionnoticias.com.mx\/wp-content\/uploads\/2024\/09\/240923-Comunitarios-Paz-y-Justicia-2-1024x683.jpg?ssl=1&w=150&resize=150&ssl=1 150w, https:\/\/i3.wp.com\/www.interaccionnoticias.com.mx\/wp-content\/uploads\/2024\/09\/240923-Comunitarios-Paz-y-Justicia-2-1024x683.jpg?ssl=1&w=240&resize=240&ssl=1 240w, https:\/\/i3.wp.com\/www.interaccionnoticias.com.mx\/wp-content\/uploads\/2024\/09\/240923-Comunitarios-Paz-y-Justicia-2-1024x683.jpg?ssl=1&w=320&resize=320&ssl=1 320w, https:\/\/i3.wp.com\/www.interaccionnoticias.com.mx\/wp-content\/uploads\/2024\/09\/240923-Comunitarios-Paz-y-Justicia-2-1024x683.jpg?ssl=1&w=500&resize=500&ssl=1 500w, https:\/\/i3.wp.com\/www.interaccionnoticias.com.mx\/wp-content\/uploads\/2024\/09\/240923-Comunitarios-Paz-y-Justicia-2-1024x683.jpg?ssl=1&w=640&resize=640&ssl=1 640w, https:\/\/i3.wp.com\/www.interaccionnoticias.com.mx\/wp-content\/uploads\/2024\/09\/240923-Comunitarios-Paz-y-Justicia-2-1024x683.jpg?ssl=1&w=800&resize=800&ssl=1 800w, https:\/\/i3.wp.com\/www.interaccionnoticias.com.mx\/wp-content\/uploads\/2024\/09\/240923-Comunitarios-Paz-y-Justicia-2-1024x683.jpg?ssl=1&w=1024&resize=1024&ssl=1 1024w, https:\/\/i3.wp.com\/www.interaccionnoticias.com.mx\/wp-content\/uploads\/2024\/09\/240923-Comunitarios-Paz-y-Justicia-2-1024x683.jpg?ssl=1&w=1280&resize=1280&ssl=1 1280w, https:\/\/i3.wp.com\/www.interaccionnoticias.com.mx\/wp-content\/uploads\/2024\/09\/240923-Comunitarios-Paz-y-Justicia-2-1024x683.jpg?ssl=1&w=1600&resize=1600&ssl=1 1600w\" alt=\"\" class=\"wp-block-jetpack-slideshow_image wp-image-82164\" data-id=\"82164\" fifu-data-src=\"https:\/\/i3.wp.com\/www.interaccionnoticias.com.mx\/wp-content\/uploads\/2024\/09\/240923-Comunitarios-Paz-y-Justicia-2-1024x683.jpg?ssl=1\"\/><\/figure><\/li><li class=\"wp-block-jetpack-slideshow_slide swiper-slide\"><figure><img decoding=\"async\" src=\"data:image\/gif;base64,R0lGODlhAQABAIAAAAAAAP\/\/\/ywAAAAAAQABAAACAUwAOw==\" fifu-lazy=\"1\" fifu-data-sizes=\"auto\" fifu-data-srcset=\"https:\/\/i0.wp.com\/www.interaccionnoticias.com.mx\/wp-content\/uploads\/2024\/09\/240923-Comunitarios-Paz-y-Justicia-1-1024x683.jpg?ssl=1&w=75&resize=75&ssl=1 75w, https:\/\/i0.wp.com\/www.interaccionnoticias.com.mx\/wp-content\/uploads\/2024\/09\/240923-Comunitarios-Paz-y-Justicia-1-1024x683.jpg?ssl=1&w=100&resize=100&ssl=1 100w, https:\/\/i0.wp.com\/www.interaccionnoticias.com.mx\/wp-content\/uploads\/2024\/09\/240923-Comunitarios-Paz-y-Justicia-1-1024x683.jpg?ssl=1&w=150&resize=150&ssl=1 150w, https:\/\/i0.wp.com\/www.interaccionnoticias.com.mx\/wp-content\/uploads\/2024\/09\/240923-Comunitarios-Paz-y-Justicia-1-1024x683.jpg?ssl=1&w=240&resize=240&ssl=1 240w, https:\/\/i0.wp.com\/www.interaccionnoticias.com.mx\/wp-content\/uploads\/2024\/09\/240923-Comunitarios-Paz-y-Justicia-1-1024x683.jpg?ssl=1&w=320&resize=320&ssl=1 320w, https:\/\/i0.wp.com\/www.interaccionnoticias.com.mx\/wp-content\/uploads\/2024\/09\/240923-Comunitarios-Paz-y-Justicia-1-1024x683.jpg?ssl=1&w=500&resize=500&ssl=1 500w, https:\/\/i0.wp.com\/www.interaccionnoticias.com.mx\/wp-content\/uploads\/2024\/09\/240923-Comunitarios-Paz-y-Justicia-1-1024x683.jpg?ssl=1&w=640&resize=640&ssl=1 640w, https:\/\/i0.wp.com\/www.interaccionnoticias.com.mx\/wp-content\/uploads\/2024\/09\/240923-Comunitarios-Paz-y-Justicia-1-1024x683.jpg?ssl=1&w=800&resize=800&ssl=1 800w, https:\/\/i0.wp.com\/www.interaccionnoticias.com.mx\/wp-content\/uploads\/2024\/09\/240923-Comunitarios-Paz-y-Justicia-1-1024x683.jpg?ssl=1&w=1024&resize=1024&ssl=1 1024w, https:\/\/i0.wp.com\/www.interaccionnoticias.com.mx\/wp-content\/uploads\/2024\/09\/240923-Comunitarios-Paz-y-Justicia-1-1024x683.jpg?ssl=1&w=1280&resize=1280&ssl=1 1280w, https:\/\/i0.wp.com\/www.interaccionnoticias.com.mx\/wp-content\/uploads\/2024\/09\/240923-Comunitarios-Paz-y-Justicia-1-1024x683.jpg?ssl=1&w=1600&resize=1600&ssl=1 1600w\" alt=\"\" class=\"wp-block-jetpack-slideshow_image wp-image-82163\" data-id=\"82163\" fifu-data-src=\"https:\/\/i0.wp.com\/www.interaccionnoticias.com.mx\/wp-content\/uploads\/2024\/09\/240923-Comunitarios-Paz-y-Justicia-1-1024x683.jpg?ssl=1\"\/><\/figure><\/li><li class=\"wp-block-jetpack-slideshow_slide swiper-slide\"><figure><img decoding=\"async\" src=\"data:image\/gif;base64,R0lGODlhAQABAIAAAAAAAP\/\/\/ywAAAAAAQABAAACAUwAOw==\" fifu-lazy=\"1\" fifu-data-sizes=\"auto\" fifu-data-srcset=\"https:\/\/i1.wp.com\/www.interaccionnoticias.com.mx\/wp-content\/uploads\/2024\/09\/240923-Comunitarios-Paz-y-Justicia-4-1024x683.jpg?ssl=1&w=75&resize=75&ssl=1 75w, https:\/\/i1.wp.com\/www.interaccionnoticias.com.mx\/wp-content\/uploads\/2024\/09\/240923-Comunitarios-Paz-y-Justicia-4-1024x683.jpg?ssl=1&w=100&resize=100&ssl=1 100w, https:\/\/i1.wp.com\/www.interaccionnoticias.com.mx\/wp-content\/uploads\/2024\/09\/240923-Comunitarios-Paz-y-Justicia-4-1024x683.jpg?ssl=1&w=150&resize=150&ssl=1 150w, https:\/\/i1.wp.com\/www.interaccionnoticias.com.mx\/wp-content\/uploads\/2024\/09\/240923-Comunitarios-Paz-y-Justicia-4-1024x683.jpg?ssl=1&w=240&resize=240&ssl=1 240w, https:\/\/i1.wp.com\/www.interaccionnoticias.com.mx\/wp-content\/uploads\/2024\/09\/240923-Comunitarios-Paz-y-Justicia-4-1024x683.jpg?ssl=1&w=320&resize=320&ssl=1 320w, https:\/\/i1.wp.com\/www.interaccionnoticias.com.mx\/wp-content\/uploads\/2024\/09\/240923-Comunitarios-Paz-y-Justicia-4-1024x683.jpg?ssl=1&w=500&resize=500&ssl=1 500w, https:\/\/i1.wp.com\/www.interaccionnoticias.com.mx\/wp-content\/uploads\/2024\/09\/240923-Comunitarios-Paz-y-Justicia-4-1024x683.jpg?ssl=1&w=640&resize=640&ssl=1 640w, https:\/\/i1.wp.com\/www.interaccionnoticias.com.mx\/wp-content\/uploads\/2024\/09\/240923-Comunitarios-Paz-y-Justicia-4-1024x683.jpg?ssl=1&w=800&resize=800&ssl=1 800w, https:\/\/i1.wp.com\/www.interaccionnoticias.com.mx\/wp-content\/uploads\/2024\/09\/240923-Comunitarios-Paz-y-Justicia-4-1024x683.jpg?ssl=1&w=1024&resize=1024&ssl=1 1024w, https:\/\/i1.wp.com\/www.interaccionnoticias.com.mx\/wp-content\/uploads\/2024\/09\/240923-Comunitarios-Paz-y-Justicia-4-1024x683.jpg?ssl=1&w=1280&resize=1280&ssl=1 1280w, https:\/\/i1.wp.com\/www.interaccionnoticias.com.mx\/wp-content\/uploads\/2024\/09\/240923-Comunitarios-Paz-y-Justicia-4-1024x683.jpg?ssl=1&w=1600&resize=1600&ssl=1 1600w\" alt=\"\" class=\"wp-block-jetpack-slideshow_image wp-image-82166\" data-id=\"82166\" fifu-data-src=\"https:\/\/i1.wp.com\/www.interaccionnoticias.com.mx\/wp-content\/uploads\/2024\/09\/240923-Comunitarios-Paz-y-Justicia-4-1024x683.jpg?ssl=1\"\/><\/figure><\/li><li class=\"wp-block-jetpack-slideshow_slide swiper-slide\"><figure><img decoding=\"async\" src=\"data:image\/gif;base64,R0lGODlhAQABAIAAAAAAAP\/\/\/ywAAAAAAQABAAACAUwAOw==\" fifu-lazy=\"1\" fifu-data-sizes=\"auto\" fifu-data-srcset=\"https:\/\/i1.wp.com\/www.interaccionnoticias.com.mx\/wp-content\/uploads\/2024\/09\/240923-Comunitarios-Paz-y-Justicia-3-1024x683.jpg?ssl=1&w=75&resize=75&ssl=1 75w, https:\/\/i1.wp.com\/www.interaccionnoticias.com.mx\/wp-content\/uploads\/2024\/09\/240923-Comunitarios-Paz-y-Justicia-3-1024x683.jpg?ssl=1&w=100&resize=100&ssl=1 100w, https:\/\/i1.wp.com\/www.interaccionnoticias.com.mx\/wp-content\/uploads\/2024\/09\/240923-Comunitarios-Paz-y-Justicia-3-1024x683.jpg?ssl=1&w=150&resize=150&ssl=1 150w, https:\/\/i1.wp.com\/www.interaccionnoticias.com.mx\/wp-content\/uploads\/2024\/09\/240923-Comunitarios-Paz-y-Justicia-3-1024x683.jpg?ssl=1&w=240&resize=240&ssl=1 240w, https:\/\/i1.wp.com\/www.interaccionnoticias.com.mx\/wp-content\/uploads\/2024\/09\/240923-Comunitarios-Paz-y-Justicia-3-1024x683.jpg?ssl=1&w=320&resize=320&ssl=1 320w, https:\/\/i1.wp.com\/www.interaccionnoticias.com.mx\/wp-content\/uploads\/2024\/09\/240923-Comunitarios-Paz-y-Justicia-3-1024x683.jpg?ssl=1&w=500&resize=500&ssl=1 500w, https:\/\/i1.wp.com\/www.interaccionnoticias.com.mx\/wp-content\/uploads\/2024\/09\/240923-Comunitarios-Paz-y-Justicia-3-1024x683.jpg?ssl=1&w=640&resize=640&ssl=1 640w, https:\/\/i1.wp.com\/www.interaccionnoticias.com.mx\/wp-content\/uploads\/2024\/09\/240923-Comunitarios-Paz-y-Justicia-3-1024x683.jpg?ssl=1&w=800&resize=800&ssl=1 800w, https:\/\/i1.wp.com\/www.interaccionnoticias.com.mx\/wp-content\/uploads\/2024\/09\/240923-Comunitarios-Paz-y-Justicia-3-1024x683.jpg?ssl=1&w=1024&resize=1024&ssl=1 1024w, https:\/\/i1.wp.com\/www.interaccionnoticias.com.mx\/wp-content\/uploads\/2024\/09\/240923-Comunitarios-Paz-y-Justicia-3-1024x683.jpg?ssl=1&w=1280&resize=1280&ssl=1 1280w, https:\/\/i1.wp.com\/www.interaccionnoticias.com.mx\/wp-content\/uploads\/2024\/09\/240923-Comunitarios-Paz-y-Justicia-3-1024x683.jpg?ssl=1&w=1600&resize=1600&ssl=1 1600w\" alt=\"\" class=\"wp-block-jetpack-slideshow_image wp-image-82165\" data-id=\"82165\" fifu-data-src=\"https:\/\/i1.wp.com\/www.interaccionnoticias.com.mx\/wp-content\/uploads\/2024\/09\/240923-Comunitarios-Paz-y-Justicia-3-1024x683.jpg?ssl=1\"\/><\/figure><\/li><\/ul><a class=\"wp-block-jetpack-slideshow_button-prev swiper-button-prev swiper-button-white\" role=\"button\"><\/a><a class=\"wp-block-jetpack-slideshow_button-next swiper-button-next swiper-button-white\" role=\"button\"><\/a><a aria-label=\"Pause Slideshow\" class=\"wp-block-jetpack-slideshow_button-pause\" role=\"button\"><\/a><div class=\"wp-block-jetpack-slideshow_pagination swiper-pagination swiper-pagination-white\"><\/div><\/div><\/div>\n","protected":false},"excerpt":{"rendered":"<p>&#8212; Exigen la liberaci\u00f3n de detenido y la anulaci\u00f3n de 17 \u00f3rdenes de aprehensi\u00f3n Jes\u00fas Dorantes Integrantes de la autodenominada Polic\u00eda Comunitaria \u201cPaz y Justicia\u201d, que opera en comunidades de&hellip; <\/p>\n","protected":false},"author":8,"featured_media":82165,"comment_status":"open","ping_status":"open","sticky":false,"template":"","format":"standard","meta":{"fifu_image_url":"","fifu_image_alt":"","footnotes":""},"categories":[15],"tags":[],"class_list":["post-82161","post","type-post","status-publish","format-standard","has-post-thumbnail","hentry","category-movimientos-sociales"],"_links":{"self":[{"href":"https:\/\/www.interaccionnoticias.com.mx\/index.php?rest_route=\/wp\/v2\/posts\/82161","targetHints":{"allow":["GET"]}}],"collection":[{"href":"https:\/\/www.interaccionnoticias.com.mx\/index.php?rest_route=\/wp\/v2\/posts"}],"about":[{"href":"https:\/\/www.interaccionnoticias.com.mx\/index.php?rest_route=\/wp\/v2\/types\/post"}],"author":[{"embeddable":true,"href":"https:\/\/www.interaccionnoticias.com.mx\/index.php?rest_route=\/wp\/v2\/users\/8"}],"replies":[{"embeddable":true,"href":"https:\/\/www.interaccionnoticias.com.mx\/index.php?rest_route=%2Fwp%2Fv2%2Fcomments&post=82161"}],"version-history":[{"count":1,"href":"https:\/\/www.interaccionnoticias.com.mx\/index.php?rest_route=\/wp\/v2\/posts\/82161\/revisions"}],"predecessor-version":[{"id":82167,"href":"https:\/\/www.interaccionnoticias.com.mx\/index.php?rest_route=\/wp\/v2\/posts\/82161\/revisions\/82167"}],"wp:featuredmedia":[{"embeddable":true,"href":"https:\/\/www.interaccionnoticias.com.mx\/index.php?rest_route=\/wp\/v2\/media\/82165"}],"wp:attachment":[{"href":"https:\/\/www.interaccionnoticias.com.mx\/index.php?rest_route=%2Fwp%2Fv2%2Fmedia&parent=82161"}],"wp:term":[{"taxonomy":"category","embeddable":true,"href":"https:\/\/www.interaccionnoticias.com.mx\/index.php?rest_route=%2Fwp%2Fv2%2Fcategories&post=82161"},{"taxonomy":"post_tag","embeddable":true,"href":"https:\/\/www.interaccionnoticias.com.mx\/index.php?rest_route=%2Fwp%2Fv2%2Ftags&post=82161"}],"curies":[{"name":"wp","href":"https:\/\/api.w.org\/{rel}","templated":true}]}}