{"id":82150,"date":"2024-09-23T11:49:00","date_gmt":"2024-09-23T16:49:00","guid":{"rendered":"https:\/\/www.interaccionnoticias.com.mx\/?p=82150"},"modified":"2024-09-23T21:57:04","modified_gmt":"2024-09-24T02:57:04","slug":"suspenden-clases-en-acapulco-y-costa-chica-este-lunes","status":"publish","type":"post","link":"https:\/\/www.interaccionnoticias.com.mx\/?p=82150","title":{"rendered":"Suspenden clases en Acapulco y Costa Chica este lunes"},"content":{"rendered":"\n<p><strong><em>&#8212; Sin embargo el pron\u00f3stico de lluvias fuertes es para todo el estado<\/em><\/strong><\/p>\n\n\n\n<p><strong>Rosario Garc\u00eda Orozco<\/strong><\/p>\n\n\n\n<p>Debido a la tormenta tropical Jonh en el Pac\u00edfico Sur mexicano, este lunes las clases fueron suspendidas en las escuelas de todos los niveles de las regiones Acapulco y Costa Chica de Guerrero.<\/p>\n\n\n\n<p>As\u00ed lo dio a conocer la Secretar\u00eda de Educaci\u00f3n Guerrero a trav\u00e9s de un comunicado, sin embargo, las autoridades en materia de Protecci\u00f3n Civil anunciaron tambi\u00e9n que se pronostican lluvias fuertes a puntuales muy fuertes, con descargas el\u00e9ctricas y rachas de viento de 40 a 60 kil\u00f3metros, con posible ca\u00edda de granizo en toda la entidad.<\/p>\n\n\n\n<p>Por esa raz\u00f3n, la gobernadora Evelyn Salgado Pineda declar\u00f3 en sesi\u00f3n permanente al Consejo Estatal de Protecci\u00f3n Civil, desde las 17:00 horas del s\u00e1bado 22 de septiembre, en su calidad de presidenta estatal de ese consejo; para atender la vigilancia, monitoreo y alertamiento por zonas de baja presi\u00f3n con potencial a cicl\u00f3n.<\/p>\n\n\n\n<p>Se ha informado que el fen\u00f3meno hidrometeor\u00f3logico se ubica a 230 kil\u00f3metros al sur-suroeste de Lagunas de Chacahua, Oaxaca,y a 240 kil\u00f3metros al sur de Punta Maldonado, Guerrero.<\/p>\n\n\n\n<p>Pos esa raz\u00f3n las autoridades estatales y municipales recomiendan a la poblaci\u00f3n extremar precauciones por las lluvias que se pueden presentar, as\u00ed como vientos fuertes y elevado oleaje, adem\u00e1s piden a las embarcaciones atender las recomendaciones de protecci\u00f3n Civil.<\/p>\n","protected":false},"excerpt":{"rendered":"<p>&#8212; Sin embargo el pron\u00f3stico de lluvias fuertes es para todo el estado Rosario Garc\u00eda Orozco Debido a la tormenta tropical Jonh en el Pac\u00edfico Sur mexicano, este lunes las&hellip; <\/p>\n","protected":false},"author":14,"featured_media":82151,"comment_status":"open","ping_status":"open","sticky":false,"template":"","format":"standard","meta":{"fifu_image_url":"","fifu_image_alt":"","footnotes":""},"categories":[9],"tags":[],"class_list":["post-82150","post","type-post","status-publish","format-standard","has-post-thumbnail","hentry","category-fenomenos-naturales"],"_links":{"self":[{"href":"https:\/\/www.interaccionnoticias.com.mx\/index.php?rest_route=\/wp\/v2\/posts\/82150","targetHints":{"allow":["GET"]}}],"collection":[{"href":"https:\/\/www.interaccionnoticias.com.mx\/index.php?rest_route=\/wp\/v2\/posts"}],"about":[{"href":"https:\/\/www.interaccionnoticias.com.mx\/index.php?rest_route=\/wp\/v2\/types\/post"}],"author":[{"embeddable":true,"href":"https:\/\/www.interaccionnoticias.com.mx\/index.php?rest_route=\/wp\/v2\/users\/14"}],"replies":[{"embeddable":true,"href":"https:\/\/www.interaccionnoticias.com.mx\/index.php?rest_route=%2Fwp%2Fv2%2Fcomments&post=82150"}],"version-history":[{"count":1,"href":"https:\/\/www.interaccionnoticias.com.mx\/index.php?rest_route=\/wp\/v2\/posts\/82150\/revisions"}],"predecessor-version":[{"id":82152,"href":"https:\/\/www.interaccionnoticias.com.mx\/index.php?rest_route=\/wp\/v2\/posts\/82150\/revisions\/82152"}],"wp:featuredmedia":[{"embeddable":true,"href":"https:\/\/www.interaccionnoticias.com.mx\/index.php?rest_route=\/wp\/v2\/media\/82151"}],"wp:attachment":[{"href":"https:\/\/www.interaccionnoticias.com.mx\/index.php?rest_route=%2Fwp%2Fv2%2Fmedia&parent=82150"}],"wp:term":[{"taxonomy":"category","embeddable":true,"href":"https:\/\/www.interaccionnoticias.com.mx\/index.php?rest_route=%2Fwp%2Fv2%2Fcategories&post=82150"},{"taxonomy":"post_tag","embeddable":true,"href":"https:\/\/www.interaccionnoticias.com.mx\/index.php?rest_route=%2Fwp%2Fv2%2Ftags&post=82150"}],"curies":[{"name":"wp","href":"https:\/\/api.w.org\/{rel}","templated":true}]}}