{"id":82141,"date":"2024-09-22T23:47:38","date_gmt":"2024-09-23T04:47:38","guid":{"rendered":"https:\/\/www.interaccionnoticias.com.mx\/?p=82141"},"modified":"2024-09-22T23:47:40","modified_gmt":"2024-09-23T04:47:40","slug":"gonzalez-varona-permanecera-al-frente-de-morena-guerrero-hasta-octubre-de-2027","status":"publish","type":"post","link":"https:\/\/www.interaccionnoticias.com.mx\/?p=82141","title":{"rendered":"Gonz\u00e1lez Varona permanecer\u00e1 al frente de MORENA-Guerrero hasta octubre de 2027"},"content":{"rendered":"\n<p><strong><em>&#8212; Como parte de los acuerdos en el Congreso Nacional del partido<\/em><\/strong><\/p>\n\n\n\n<p><strong>Rogelio Agust\u00edn<\/strong><\/p>\n\n\n\n<p>El dirigente estatal de MORENA, Jacinto Gonz\u00e1lez Varona confirm\u00f3 que permanecer\u00e1 en el cargo hasta octubre de 2027, como parte de los acuerdos aprobados en el VII Congreso nacional de dicho instituto pol\u00edtico.<\/p>\n\n\n\n<p>Gonz\u00e1lez Varona utiliz\u00f3 sus redes sociales para dar a conocer parte de los resultados que arroj\u00f3 el m\u00e1ximo \u00f3rgano de gobierno del partido gobernante, en el que destaca la elecci\u00f3n de Mar\u00eda Luisa Alcalde Lujan como presidenta del Comit\u00e9 Ejecutivo Nacional (CEN) y de Andr\u00e9s L\u00f3pez Beltr\u00e1n como secretario de organizaci\u00f3n.<\/p>\n\n\n\n<p>Todos los acuerdos se aprobaron por unanimidad, a pesar de que varios consejeros de Guerrero hab\u00edan dado a conocer su determinaci\u00f3n de acudir al Congreso para oponerse a la permanencia de Gonz\u00e1lez Varona como dirigente.<\/p>\n\n\n\n<p>Sin embargo, la noche de este domingo, el dirigente estatal confirm\u00f3 que al aprobarse en paquete la permanencia de los dirigentes estatales del partido hasta el 1 de octubre de 2027, el permanecer\u00eda en el cargo.<\/p>\n\n\n\n<p>El pasado viernes, Gonz\u00e1lez sostuvo que su licencia ante el Congreso local se mantendr\u00eda firme, de tal suerte que no regresar\u00eda para ocupar la curul que le fue asignada en el Congreso local por la v\u00eda de la representaci\u00f3n proporcional.<\/p>\n","protected":false},"excerpt":{"rendered":"<p>&#8212; Como parte de los acuerdos en el Congreso Nacional del partido Rogelio Agust\u00edn El dirigente estatal de MORENA, Jacinto Gonz\u00e1lez Varona confirm\u00f3 que permanecer\u00e1 en el cargo hasta octubre&hellip; <\/p>\n","protected":false},"author":21,"featured_media":82142,"comment_status":"open","ping_status":"open","sticky":false,"template":"","format":"standard","meta":{"fifu_image_url":"","fifu_image_alt":"","footnotes":""},"categories":[18],"tags":[],"class_list":["post-82141","post","type-post","status-publish","format-standard","has-post-thumbnail","hentry","category-partidos-politicos"],"_links":{"self":[{"href":"https:\/\/www.interaccionnoticias.com.mx\/index.php?rest_route=\/wp\/v2\/posts\/82141","targetHints":{"allow":["GET"]}}],"collection":[{"href":"https:\/\/www.interaccionnoticias.com.mx\/index.php?rest_route=\/wp\/v2\/posts"}],"about":[{"href":"https:\/\/www.interaccionnoticias.com.mx\/index.php?rest_route=\/wp\/v2\/types\/post"}],"author":[{"embeddable":true,"href":"https:\/\/www.interaccionnoticias.com.mx\/index.php?rest_route=\/wp\/v2\/users\/21"}],"replies":[{"embeddable":true,"href":"https:\/\/www.interaccionnoticias.com.mx\/index.php?rest_route=%2Fwp%2Fv2%2Fcomments&post=82141"}],"version-history":[{"count":1,"href":"https:\/\/www.interaccionnoticias.com.mx\/index.php?rest_route=\/wp\/v2\/posts\/82141\/revisions"}],"predecessor-version":[{"id":82143,"href":"https:\/\/www.interaccionnoticias.com.mx\/index.php?rest_route=\/wp\/v2\/posts\/82141\/revisions\/82143"}],"wp:featuredmedia":[{"embeddable":true,"href":"https:\/\/www.interaccionnoticias.com.mx\/index.php?rest_route=\/wp\/v2\/media\/82142"}],"wp:attachment":[{"href":"https:\/\/www.interaccionnoticias.com.mx\/index.php?rest_route=%2Fwp%2Fv2%2Fmedia&parent=82141"}],"wp:term":[{"taxonomy":"category","embeddable":true,"href":"https:\/\/www.interaccionnoticias.com.mx\/index.php?rest_route=%2Fwp%2Fv2%2Fcategories&post=82141"},{"taxonomy":"post_tag","embeddable":true,"href":"https:\/\/www.interaccionnoticias.com.mx\/index.php?rest_route=%2Fwp%2Fv2%2Ftags&post=82141"}],"curies":[{"name":"wp","href":"https:\/\/api.w.org\/{rel}","templated":true}]}}