{"id":82127,"date":"2024-09-22T14:33:00","date_gmt":"2024-09-22T19:33:00","guid":{"rendered":"https:\/\/www.interaccionnoticias.com.mx\/?p=82127"},"modified":"2024-09-22T16:00:17","modified_gmt":"2024-09-22T21:00:17","slug":"alcaldesa-de-chilpancingo-impugna-su-expulsion-de-morena","status":"publish","type":"post","link":"https:\/\/www.interaccionnoticias.com.mx\/?p=82127","title":{"rendered":"Alcaldesa de Chilpancingo impugna su expulsi\u00f3n de Morena"},"content":{"rendered":"\n<p><strong><em>&#8212; El tema actualmente se encuentra en el Tribunal Electoral de Guerrero<br>&#8212; Sostiene que existe una persecuci\u00f3n pol\u00edtica en su contra<\/em><\/strong><\/p>\n\n\n\n<p><strong>Yasm\u00edn Garc\u00eda<\/strong><\/p>\n\n\n\n<p>La alcaldesa Norma Otilia Hern\u00e1ndez Mart\u00ednez inform\u00f3 que ya impugn\u00f3 su expulsi\u00f3n de Morena, por lo anticip\u00f3 que si los tribunales en M\u00e9xico no le restituyen sus derechos pol\u00edticos, acudir\u00e1 a instancias internacionales para defenderse de lo que califica como una persecuci\u00f3n pol\u00edtica en su contra.<\/p>\n\n\n\n<p>Hern\u00e1ndez Mart\u00ednez indic\u00f3 que recurri\u00f3 ante la Comisi\u00f3n Nacional de Honestidad y Justicia (CNHJ), pero dicho \u00f3rgano partidista no resolvi\u00f3 y se agotaron los tiempos para emitir una respuesta.<\/p>\n\n\n\n<p>Entonces, el caso ahora se encuentra en el Tribunal Electoral del Estado (TEE) como primera instancia, en donde se definir\u00e1 si le restituyen sus derechos pol\u00edticos.<\/p>\n\n\n\n<p>Estim\u00f3 que a m\u00e1s tardar en un mes, el TEE emita un fallo, por lo que en caso de no tener \u00e9xito, recurrir\u00e1 ante el Tribunal Electoral del Poder Judicial de la Federaci\u00f3n (TEPJF).<\/p>\n\n\n\n<p>La jefa de cabildo anticip\u00f3 que s\u00ed no se resuelve el tema su favor, entonces acudir\u00e1 a instancias internacionales, porque est\u00e1 claro que enfrenta una persecuci\u00f3n pol\u00edtica.<\/p>\n\n\n\n<p>\u00abSe violentaron mis derechos como mujer hay una violencia muy puntual en contra m\u00eda y es desde el partido\u00bb, dijo la presidenta municipal.<\/p>\n\n\n\n<p>Acerca de las declaraciones del presidente del Comit\u00e9 Ejecutivo Estatal (CEE), Jacinto Gonz\u00e1lez Varona de desconocer s\u00ed la denuncia en contra de la alcaldesa la present\u00f3 la diputada Diana Bernab\u00e9 Vega, destac\u00f3 que exista alguna circunstancia que ponga en peligro la seguridad de la diputada local.<\/p>\n\n\n\n<p>Indic\u00f3:\u201dDeben estar enterados de todo, si me est\u00e1n denunciando a mi no tiene porque estar en peligro; yo no dirijo un grupo delincuencial\u00bb.<\/p>\n\n\n\n<p>Para la alcaldesa, el dirigente Gonz\u00e1lez Varona se maneja como juez y parte, adem\u00e1s de que hace comentarios fuera del tema.<\/p>\n\n\n\n<p>\u00abEn un momento dado me solicit\u00f3 que pidiera licencia sin una investigaci\u00f3n seria, pero con este proceso de expulsi\u00f3n se ratifica que hay una violencia marcada contra las mujeres, se sinti\u00f3 juez\u00bb, asever\u00f3.<\/p>\n","protected":false},"excerpt":{"rendered":"<p>&#8212; El tema actualmente se encuentra en el Tribunal Electoral de Guerrero&#8212; Sostiene que existe una persecuci\u00f3n pol\u00edtica en su contra Yasm\u00edn Garc\u00eda La alcaldesa Norma Otilia Hern\u00e1ndez Mart\u00ednez inform\u00f3&hellip; <\/p>\n","protected":false},"author":32,"featured_media":82128,"comment_status":"open","ping_status":"open","sticky":false,"template":"","format":"standard","meta":{"fifu_image_url":"","fifu_image_alt":"","footnotes":""},"categories":[18],"tags":[],"class_list":["post-82127","post","type-post","status-publish","format-standard","has-post-thumbnail","hentry","category-partidos-politicos"],"_links":{"self":[{"href":"https:\/\/www.interaccionnoticias.com.mx\/index.php?rest_route=\/wp\/v2\/posts\/82127","targetHints":{"allow":["GET"]}}],"collection":[{"href":"https:\/\/www.interaccionnoticias.com.mx\/index.php?rest_route=\/wp\/v2\/posts"}],"about":[{"href":"https:\/\/www.interaccionnoticias.com.mx\/index.php?rest_route=\/wp\/v2\/types\/post"}],"author":[{"embeddable":true,"href":"https:\/\/www.interaccionnoticias.com.mx\/index.php?rest_route=\/wp\/v2\/users\/32"}],"replies":[{"embeddable":true,"href":"https:\/\/www.interaccionnoticias.com.mx\/index.php?rest_route=%2Fwp%2Fv2%2Fcomments&post=82127"}],"version-history":[{"count":2,"href":"https:\/\/www.interaccionnoticias.com.mx\/index.php?rest_route=\/wp\/v2\/posts\/82127\/revisions"}],"predecessor-version":[{"id":82131,"href":"https:\/\/www.interaccionnoticias.com.mx\/index.php?rest_route=\/wp\/v2\/posts\/82127\/revisions\/82131"}],"wp:featuredmedia":[{"embeddable":true,"href":"https:\/\/www.interaccionnoticias.com.mx\/index.php?rest_route=\/wp\/v2\/media\/82128"}],"wp:attachment":[{"href":"https:\/\/www.interaccionnoticias.com.mx\/index.php?rest_route=%2Fwp%2Fv2%2Fmedia&parent=82127"}],"wp:term":[{"taxonomy":"category","embeddable":true,"href":"https:\/\/www.interaccionnoticias.com.mx\/index.php?rest_route=%2Fwp%2Fv2%2Fcategories&post=82127"},{"taxonomy":"post_tag","embeddable":true,"href":"https:\/\/www.interaccionnoticias.com.mx\/index.php?rest_route=%2Fwp%2Fv2%2Ftags&post=82127"}],"curies":[{"name":"wp","href":"https:\/\/api.w.org\/{rel}","templated":true}]}}