{"id":82124,"date":"2024-09-22T15:49:31","date_gmt":"2024-09-22T20:49:31","guid":{"rendered":"https:\/\/www.interaccionnoticias.com.mx\/?p=82124"},"modified":"2024-09-22T15:49:33","modified_gmt":"2024-09-22T20:49:33","slug":"recapturan-a-felipe-n-alias-el-cepillo","status":"publish","type":"post","link":"https:\/\/www.interaccionnoticias.com.mx\/?p=82124","title":{"rendered":"Recapturan a Felipe \u201cN\u201d, alias \u201cEl Cepillo\u201d"},"content":{"rendered":"\n<p><strong><em>&#8212; Est\u00e1 relacionado con el caso Ayotzinapa<\/em><\/strong><\/p>\n\n\n\n<p><strong>Rosario Garc\u00eda Orozco<\/strong><\/p>\n\n\n\n<p>La Fiscal\u00eda Federal Ministerial recaptur\u00f3 a Felipe \u201cN\u201d, conocido como \u201cEl Cepillo\u201d, relacionado con la desaparici\u00f3n de los 43 estudiantes normalistas de Ayotzinapa.<\/p>\n\n\n\n<p>Felipe \u201cN\u201d, es uno de los presuntos autores intelectuales de la desaparici\u00f3n de los estudiantes normalistas en Iguala el 26 de septiembre del 2014.<\/p>\n\n\n\n<p>La recaptura de \u201cEl Cepillo\u201d se registr\u00f3 el jueves 20 de septiembre a 6 d\u00edas de que se cumplan 10 a\u00f1os del hecho violento, en el que desaparecieron los 43 estudiantes y 3 m\u00e1s perdieran la vida.<\/p>\n\n\n\n<p>El detenido es acusado de ser presunto l\u00edder del grupo criminal Guerreros Unidos.<\/p>\n\n\n\n<p>El reporte del Registro Nacional de Detenciones, refiere que fue detenido este viernes 20 de septiembre, por la Polic\u00eda Federal Ministerial.<\/p>\n\n\n\n<p>La detenci\u00f3n se llev\u00f3 a cabo en la calle Acapulco, de Las Vigas, municipio de la Costa Chica de Guerrero, de acuerdo con el reporte de la Secretar\u00eda de Seguridad y Protecci\u00f3n Ciudadana.<\/p>\n\n\n\n<p>\u201cEl Cepillo\u201d, hab\u00eda sido liberado tras haber sido torturado por Tom\u00e1s Cer\u00f3n de Lucio, quien fue director de la Agencia de Investigaci\u00f3n Criminal, quien en una primera etapa llevaba las investigaciones del caso Ayotzinapa.<\/p>\n\n\n\n<p>En tanto, los estudiantes de Ayotzinapa llevan a cabo, desde el pasado 13 de septiembre diversas actividades de protesta en Chilpancingo y en Iguala.<\/p>\n\n\n\n<p>En Chilpancingo, el viernes 13 de septiembre irrumpieron de manera violenta a las instalaciones del Congreso Local, donde prendieron fuego a varios veh\u00edculos y destruyeron la oficina de la Mesa Directiva.<\/p>\n\n\n\n<p>Mientras que este viernes 20 de septiembre, realizaron un mitin en el acceso a las instalaciones del 27 Batall\u00f3n del Ej\u00e9rcito Mexicano de Iguala, donde derribaron un muro y lanzaron petardos al instalaci\u00f3n de las instalaciones castrenses, adem\u00e1s de que prendieron fuego a un veh\u00edculo.<\/p>\n\n\n\n<p>Cabe mencionar que los normalistas de Ayotzinapa advirtieron que las movilizaciones de exigencia de justicia, presentaci\u00f3n de los 43 estudiantes e investigaciones efectivas para dar con los responsables, van a continuar hasta el 27 de septiembre en una jornada que incluye actividades en Guerrero y la Ciudad de M\u00e9xico.<\/p>\n","protected":false},"excerpt":{"rendered":"<p>&#8212; Est\u00e1 relacionado con el caso Ayotzinapa Rosario Garc\u00eda Orozco La Fiscal\u00eda Federal Ministerial recaptur\u00f3 a Felipe \u201cN\u201d, conocido como \u201cEl Cepillo\u201d, relacionado con la desaparici\u00f3n de los 43 estudiantes&hellip; <\/p>\n","protected":false},"author":14,"featured_media":82125,"comment_status":"open","ping_status":"open","sticky":false,"template":"","format":"standard","meta":{"fifu_image_url":"","fifu_image_alt":"","footnotes":""},"categories":[27],"tags":[],"class_list":["post-82124","post","type-post","status-publish","format-standard","has-post-thumbnail","hentry","category-seguridad-publica"],"_links":{"self":[{"href":"https:\/\/www.interaccionnoticias.com.mx\/index.php?rest_route=\/wp\/v2\/posts\/82124","targetHints":{"allow":["GET"]}}],"collection":[{"href":"https:\/\/www.interaccionnoticias.com.mx\/index.php?rest_route=\/wp\/v2\/posts"}],"about":[{"href":"https:\/\/www.interaccionnoticias.com.mx\/index.php?rest_route=\/wp\/v2\/types\/post"}],"author":[{"embeddable":true,"href":"https:\/\/www.interaccionnoticias.com.mx\/index.php?rest_route=\/wp\/v2\/users\/14"}],"replies":[{"embeddable":true,"href":"https:\/\/www.interaccionnoticias.com.mx\/index.php?rest_route=%2Fwp%2Fv2%2Fcomments&post=82124"}],"version-history":[{"count":1,"href":"https:\/\/www.interaccionnoticias.com.mx\/index.php?rest_route=\/wp\/v2\/posts\/82124\/revisions"}],"predecessor-version":[{"id":82126,"href":"https:\/\/www.interaccionnoticias.com.mx\/index.php?rest_route=\/wp\/v2\/posts\/82124\/revisions\/82126"}],"wp:featuredmedia":[{"embeddable":true,"href":"https:\/\/www.interaccionnoticias.com.mx\/index.php?rest_route=\/wp\/v2\/media\/82125"}],"wp:attachment":[{"href":"https:\/\/www.interaccionnoticias.com.mx\/index.php?rest_route=%2Fwp%2Fv2%2Fmedia&parent=82124"}],"wp:term":[{"taxonomy":"category","embeddable":true,"href":"https:\/\/www.interaccionnoticias.com.mx\/index.php?rest_route=%2Fwp%2Fv2%2Fcategories&post=82124"},{"taxonomy":"post_tag","embeddable":true,"href":"https:\/\/www.interaccionnoticias.com.mx\/index.php?rest_route=%2Fwp%2Fv2%2Ftags&post=82124"}],"curies":[{"name":"wp","href":"https:\/\/api.w.org\/{rel}","templated":true}]}}