{"id":82121,"date":"2024-09-20T19:59:05","date_gmt":"2024-09-21T00:59:05","guid":{"rendered":"https:\/\/www.interaccionnoticias.com.mx\/?p=82121"},"modified":"2024-09-20T19:59:07","modified_gmt":"2024-09-21T00:59:07","slug":"familiares-de-un-paciente-del-hospital-general-de-chilpancingo-piden-que-sea-trasladado-a-mexico","status":"publish","type":"post","link":"https:\/\/www.interaccionnoticias.com.mx\/?p=82121","title":{"rendered":"Familiares de un paciente del Hospital General de Chilpancingo, piden que sea trasladado a M\u00e9xico"},"content":{"rendered":"\n<p><strong><em>&#8212; Explicaron que su familiar requiere atenci\u00f3n m\u00e1s especializada<\/em><\/strong><\/p>\n\n\n\n<p><strong>Rosario Garc\u00eda Orozco<\/strong><\/p>\n\n\n\n<p>Familiares de un paciente internado en el hospital general de Chilpancingo, Raymundo Abarca Alarc\u00f3n piden a la Secretar\u00eda de Salud, su intervenci\u00f3n para que su familiar sea trasladado a un hospital de tercer nivel, porque temen por su vida.<\/p>\n\n\n\n<p>Lorena Vargas Alonso, hermana de Roberto Vargas Alonso, internado en la cama 3 de urgencias, mencion\u00f3 que su familiar fue internado desde el s\u00e1bado pasado porque se enterr\u00f3 un alambre en el t\u00f3rax.<\/p>\n\n\n\n<p>Explic\u00f3 que su hermano tiene un alambre inclustado en el t\u00f3rax y su condici\u00f3n es muy grave, por lo que urge su pronto traslado a un hospital de tercer nivel de la Ciudad de M\u00e9xico, porque requiere de una cirug\u00eda y terapia intensiva, \u00abel tiempo apremia y necesitamos ejercer un tipo de presi\u00f3n para que el hospital agilice la atenci\u00f3n porque ya van a ser 8 dias de estar postrado\u00bb.<\/p>\n\n\n\n<p>Por ello es que pidi\u00f3 a la Secretar\u00eda de Salud intervenga desde oficinas centrales para que se pueda llevar a cabo el traslado de manera urgente, ya que hasta el momento en el hospital s\u00f3lo les han dicho que no hay espacio para que lo atiendan en otro nosocomio, \u00aby nos preocupa porque ya est\u00e1 muy d\u00e9bil, sigue intubado y est\u00e1 muy deprimido porque no hay ninguna mejor\u00eda\u00bb, dijo su hermana.<\/p>\n\n\n\n<p>Vargas Alonso mencion\u00f3 que incluso, como familia, ya interpusieron una queja ante la Comisi\u00f3n de Derechos Humanos del Estado de Guerrero para que escuchen la petici\u00f3n de urgente traslado.<\/p>\n\n\n\n<p>\u00abYa no sabemos que hacer, estamos muy desesperados aqu\u00ed todos los integrantes de la familia\u00bb, dijo y que incluso buscaron el apoyo con un amparo, en espera de ser escuchados y atendidos.<\/p>\n\n\n\n<p>Coment\u00f3 que son originarios de la comunidad de Inscuinatoyac, municipio de Chilpancingo, y que van a seguir insistiendo a los m\u00e9dicos que busquen trasladarlo a un hospital de la Ciudad de M\u00e9xico, \u00abya no sabemos qu\u00e9 m\u00e1s hacer, no queremos verlo as\u00ed, no queremos verlo morir as\u00ed sin intentar hacer algo por \u00e9l\u00bb.<\/p>\n","protected":false},"excerpt":{"rendered":"<p>&#8212; Explicaron que su familiar requiere atenci\u00f3n m\u00e1s especializada Rosario Garc\u00eda Orozco Familiares de un paciente internado en el hospital general de Chilpancingo, Raymundo Abarca Alarc\u00f3n piden a la Secretar\u00eda&hellip; <\/p>\n","protected":false},"author":14,"featured_media":82122,"comment_status":"open","ping_status":"open","sticky":false,"template":"","format":"standard","meta":{"fifu_image_url":"","fifu_image_alt":"","footnotes":""},"categories":[29],"tags":[],"class_list":["post-82121","post","type-post","status-publish","format-standard","has-post-thumbnail","hentry","category-sociedad"],"_links":{"self":[{"href":"https:\/\/www.interaccionnoticias.com.mx\/index.php?rest_route=\/wp\/v2\/posts\/82121","targetHints":{"allow":["GET"]}}],"collection":[{"href":"https:\/\/www.interaccionnoticias.com.mx\/index.php?rest_route=\/wp\/v2\/posts"}],"about":[{"href":"https:\/\/www.interaccionnoticias.com.mx\/index.php?rest_route=\/wp\/v2\/types\/post"}],"author":[{"embeddable":true,"href":"https:\/\/www.interaccionnoticias.com.mx\/index.php?rest_route=\/wp\/v2\/users\/14"}],"replies":[{"embeddable":true,"href":"https:\/\/www.interaccionnoticias.com.mx\/index.php?rest_route=%2Fwp%2Fv2%2Fcomments&post=82121"}],"version-history":[{"count":1,"href":"https:\/\/www.interaccionnoticias.com.mx\/index.php?rest_route=\/wp\/v2\/posts\/82121\/revisions"}],"predecessor-version":[{"id":82123,"href":"https:\/\/www.interaccionnoticias.com.mx\/index.php?rest_route=\/wp\/v2\/posts\/82121\/revisions\/82123"}],"wp:featuredmedia":[{"embeddable":true,"href":"https:\/\/www.interaccionnoticias.com.mx\/index.php?rest_route=\/wp\/v2\/media\/82122"}],"wp:attachment":[{"href":"https:\/\/www.interaccionnoticias.com.mx\/index.php?rest_route=%2Fwp%2Fv2%2Fmedia&parent=82121"}],"wp:term":[{"taxonomy":"category","embeddable":true,"href":"https:\/\/www.interaccionnoticias.com.mx\/index.php?rest_route=%2Fwp%2Fv2%2Fcategories&post=82121"},{"taxonomy":"post_tag","embeddable":true,"href":"https:\/\/www.interaccionnoticias.com.mx\/index.php?rest_route=%2Fwp%2Fv2%2Ftags&post=82121"}],"curies":[{"name":"wp","href":"https:\/\/api.w.org\/{rel}","templated":true}]}}