{"id":82110,"date":"2024-09-20T14:57:31","date_gmt":"2024-09-20T19:57:31","guid":{"rendered":"https:\/\/www.interaccionnoticias.com.mx\/?p=82110"},"modified":"2024-09-20T14:57:33","modified_gmt":"2024-09-20T19:57:33","slug":"dirigente-de-morena-guerrero-aclara-que-no-regresara-a-la-diputacion-local","status":"publish","type":"post","link":"https:\/\/www.interaccionnoticias.com.mx\/?p=82110","title":{"rendered":"Dirigente de MORENA-Guerrero aclara que no regresar\u00e1 a la diputaci\u00f3n local"},"content":{"rendered":"\n<p><strong><em>&#8212; La modificaci\u00f3n estatutaria proyectada para el domingo se lo impedir\u00e1, admite Jacinto Gonz\u00e1lez Varona<\/em><\/strong><\/p>\n\n\n\n<p><strong>Rogelio Agust\u00edn<\/strong><\/p>\n\n\n\n<p>El dirigente estatal de MORENA, Jacinto Gonz\u00e1lez Varona confirm\u00f3 que no regresar\u00e1 a la curul que dej\u00f3 vacante en el Congreso local, pues la modificaci\u00f3n estatutaria que se aprobar\u00e1 este fin de semana en el Congreso Nacional del partido, se lo impedir\u00e1 de manera contundente.<\/p>\n\n\n\n<p>Gonz\u00e1lez Varona se separ\u00f3 de la curul que le fue asignada por la v\u00eda de la representaci\u00f3n proporcional el pasado jueves 19 de septiembre, cuando el pleno del Congreso local aprob\u00f3 por unanimidad la solicitud de licencia que present\u00f3 por tiempo indefinido.<\/p>\n\n\n\n<p>Explic\u00f3 que dej\u00f3 la diputaci\u00f3n local para estar en condiciones de ser incorporado en el acuerdo que se aprobar\u00e1 el pr\u00f3ximo domingo 22 en el Congreso Nacional de MORENA, cuando se avale la ampliaci\u00f3n del periodo para el que fueron electos los comit\u00e9s estatales del partido.<\/p>\n\n\n\n<p>Precis\u00f3 que \u00e9l fue electo como parte de un Comit\u00e9 Ejecutivo Estatal que permanecer\u00e1 vigente hasta 2025, de tal manera que la convocatoria para el Congreso Nacional, en sus puntos 7 y 8 plantea un acuerdo que consiste en la ampliaci\u00f3n del periodo hasta en dos a\u00f1os m\u00e1s, de tal manera que durar\u00edan hasta 2027.<\/p>\n\n\n\n<p>Neg\u00f3 que se trate de una ratificaci\u00f3n o reelecci\u00f3n de los comit\u00e9s dirigentes y de los consejos estatales.<\/p>\n\n\n\n<p>En cambio, precis\u00f3 que se trata de una decisi\u00f3n que se aprobar\u00e1 en paquete, en el que van incluidos todos los dirigentes estatales del partido, sin que haya una revisi\u00f3n individual estado por estado.<\/p>\n\n\n\n<p>Respecto a la posibilidad de que regrese a la curul en el Congreso local, Gonz\u00e1lez se\u00f1al\u00f3 que ya no podr\u00e1 hacerlo, de tal manera que \u00fanicamente se desempe\u00f1ar\u00e1 como dirigente del partido.<\/p>\n\n\n\n<p>\u201cNo, porque precisamente este Congreso General Extraordinario, en su convocatoria prev\u00e9 revisar el articulo 8 de los estatutos, que ya precisa que quienes decidamos ser diputados seremos diputados y quienes decidamos competir para presidentes o dirigentes de partido tendremos que tomar esa determinaci\u00f3n\u201d, anot\u00f3.<\/p>\n\n\n\n<p>Enfatiz\u00f3: \u201cYo he elegido ser presidente del partido y aqu\u00ed me voy a sostener\u201d.<\/p>\n\n\n\n<p>Neg\u00f3 que se trate de una reelecci\u00f3n disfrazada, pues se trata de una determinaci\u00f3n nacional, que incluso puede modificarse en el \u00e1mbito local, si \u00e9l decidiera dejar la dirigencia para dar paso al nombramiento de un nuevp dirigente.<\/p>\n","protected":false},"excerpt":{"rendered":"<p>&#8212; La modificaci\u00f3n estatutaria proyectada para el domingo se lo impedir\u00e1, admite Jacinto Gonz\u00e1lez Varona Rogelio Agust\u00edn El dirigente estatal de MORENA, Jacinto Gonz\u00e1lez Varona confirm\u00f3 que no regresar\u00e1 a&hellip; <\/p>\n","protected":false},"author":21,"featured_media":82111,"comment_status":"open","ping_status":"open","sticky":false,"template":"","format":"standard","meta":{"fifu_image_url":"","fifu_image_alt":"","footnotes":""},"categories":[2],"tags":[],"class_list":["post-82110","post","type-post","status-publish","format-standard","has-post-thumbnail","hentry","category-congreso"],"_links":{"self":[{"href":"https:\/\/www.interaccionnoticias.com.mx\/index.php?rest_route=\/wp\/v2\/posts\/82110","targetHints":{"allow":["GET"]}}],"collection":[{"href":"https:\/\/www.interaccionnoticias.com.mx\/index.php?rest_route=\/wp\/v2\/posts"}],"about":[{"href":"https:\/\/www.interaccionnoticias.com.mx\/index.php?rest_route=\/wp\/v2\/types\/post"}],"author":[{"embeddable":true,"href":"https:\/\/www.interaccionnoticias.com.mx\/index.php?rest_route=\/wp\/v2\/users\/21"}],"replies":[{"embeddable":true,"href":"https:\/\/www.interaccionnoticias.com.mx\/index.php?rest_route=%2Fwp%2Fv2%2Fcomments&post=82110"}],"version-history":[{"count":1,"href":"https:\/\/www.interaccionnoticias.com.mx\/index.php?rest_route=\/wp\/v2\/posts\/82110\/revisions"}],"predecessor-version":[{"id":82112,"href":"https:\/\/www.interaccionnoticias.com.mx\/index.php?rest_route=\/wp\/v2\/posts\/82110\/revisions\/82112"}],"wp:featuredmedia":[{"embeddable":true,"href":"https:\/\/www.interaccionnoticias.com.mx\/index.php?rest_route=\/wp\/v2\/media\/82111"}],"wp:attachment":[{"href":"https:\/\/www.interaccionnoticias.com.mx\/index.php?rest_route=%2Fwp%2Fv2%2Fmedia&parent=82110"}],"wp:term":[{"taxonomy":"category","embeddable":true,"href":"https:\/\/www.interaccionnoticias.com.mx\/index.php?rest_route=%2Fwp%2Fv2%2Fcategories&post=82110"},{"taxonomy":"post_tag","embeddable":true,"href":"https:\/\/www.interaccionnoticias.com.mx\/index.php?rest_route=%2Fwp%2Fv2%2Ftags&post=82110"}],"curies":[{"name":"wp","href":"https:\/\/api.w.org\/{rel}","templated":true}]}}