{"id":821,"date":"2017-01-13T13:25:10","date_gmt":"2017-01-13T19:25:10","guid":{"rendered":"http:\/\/www.inter-accion.com.mx\/?p=821"},"modified":"2017-01-13T13:25:10","modified_gmt":"2017-01-13T19:25:10","slug":"el-presidente-municipal-de-zitlala-inauguro-la-construccion-y-equipamiento-de-dos-aulas-escolares","status":"publish","type":"post","link":"https:\/\/www.interaccionnoticias.com.mx\/?p=821","title":{"rendered":"El Presidente Municipal de Zitlala, inaugur\u00f3 la construcci\u00f3n y equipamiento de dos aulas escolares."},"content":{"rendered":"<p>ZITLALA, GRO; 12 DE ENERO DEL 2017.- Con el firme prop\u00f3sito de<br \/>\nseguir cumpliendo compromisos y con el \u00e1nimo de brindar m\u00e1s y mejor<br \/>\ninfraestructura educativa, este d\u00eda El Presidente Municipal de Zitlala Roberto<br \/>\nZapoteco Castro inaugur\u00f3 la construcci\u00f3n y equipamiento de dos aulas escolares<br \/>\nde la Escuela Primaria Guadalupe Victoria de la comunidad de Topiltepec.<br \/>\nEn este acto acompa\u00f1aron al Alcalde, autoridades educativas, el Comisario<br \/>\nMunicipal Rodolfo Morales Sereno, planta docente, alumnos y padres de familia.<br \/>\nAl hacer uso de la palabra el Comisario Municipal Rodolfo Morales Sereno,<br \/>\nmanifest\u00f3 que su pueblo no se equivoc\u00f3 al apoyar a Roberto Zapoteco Castro,<br \/>\nporque est\u00e1 trabajando con honestidad porque su trabajo se ve reflejado en las<br \/>\nobras que est\u00e1 construyendo no tan solo en Topiltepec sino a lo largo y ancho del<br \/>\nmunicipio.<br \/>\nEn su intervenci\u00f3n El Presidente Municipal Roberto Zapoteco Castro,<br \/>\nsubray\u00f3 que su Gobierno est\u00e1 trabajando en unidad con los pueblos para que<br \/>\njuntos Sociedad y Gobierno sigan transformando a Zitlala, en un Municipio m\u00e1s<br \/>\npr\u00f3spero, precis\u00f3 que invertir en la educaci\u00f3n de los ni\u00f1os es invertir en un mejor<br \/>\nfuturo para los pueblos de ah\u00ed la importancia de que este d\u00eda se inaugure la<br \/>\nconstrucci\u00f3n y equipamiento de dos aulas escolares, brindar mejor infraestructura<br \/>\neducativa contribuimos con nuestro granito de arena para que la ni\u00f1ez tenga una<br \/>\nmejor educaci\u00f3n, enfatiz\u00f3.<br \/>\nPor su parte el Director de la Escuela Primaria Armando Vargas Feliciano,<br \/>\nreconoci\u00f3 la voluntad del Gobierno Municipal de brindar mejores espacios<br \/>\neducativos, agradeci\u00f3 la construcci\u00f3n de las dos aulas escolares y resalt\u00f3 que es<br \/>\ngratificante ver que El Gobierno del Pueblo las est\u00e1 entregando equipadas con<br \/>\nmobiliario escolar.<\/p>\n","protected":false},"excerpt":{"rendered":"<p>ZITLALA, GRO; 12 DE ENERO DEL 2017.- Con el firme prop\u00f3sito de seguir cumpliendo compromisos y con el \u00e1nimo de brindar m\u00e1s y mejor infraestructura educativa, este d\u00eda El Presidente&hellip; <\/p>\n","protected":false},"author":1,"featured_media":0,"comment_status":"open","ping_status":"open","sticky":false,"template":"","format":"standard","meta":{"fifu_image_url":"","fifu_image_alt":"","footnotes":""},"categories":[23],"tags":[],"class_list":["post-821","post","type-post","status-publish","format-standard","hentry","category-regionales"],"_links":{"self":[{"href":"https:\/\/www.interaccionnoticias.com.mx\/index.php?rest_route=\/wp\/v2\/posts\/821","targetHints":{"allow":["GET"]}}],"collection":[{"href":"https:\/\/www.interaccionnoticias.com.mx\/index.php?rest_route=\/wp\/v2\/posts"}],"about":[{"href":"https:\/\/www.interaccionnoticias.com.mx\/index.php?rest_route=\/wp\/v2\/types\/post"}],"author":[{"embeddable":true,"href":"https:\/\/www.interaccionnoticias.com.mx\/index.php?rest_route=\/wp\/v2\/users\/1"}],"replies":[{"embeddable":true,"href":"https:\/\/www.interaccionnoticias.com.mx\/index.php?rest_route=%2Fwp%2Fv2%2Fcomments&post=821"}],"version-history":[{"count":0,"href":"https:\/\/www.interaccionnoticias.com.mx\/index.php?rest_route=\/wp\/v2\/posts\/821\/revisions"}],"wp:attachment":[{"href":"https:\/\/www.interaccionnoticias.com.mx\/index.php?rest_route=%2Fwp%2Fv2%2Fmedia&parent=821"}],"wp:term":[{"taxonomy":"category","embeddable":true,"href":"https:\/\/www.interaccionnoticias.com.mx\/index.php?rest_route=%2Fwp%2Fv2%2Fcategories&post=821"},{"taxonomy":"post_tag","embeddable":true,"href":"https:\/\/www.interaccionnoticias.com.mx\/index.php?rest_route=%2Fwp%2Fv2%2Ftags&post=821"}],"curies":[{"name":"wp","href":"https:\/\/api.w.org\/{rel}","templated":true}]}}