{"id":8179,"date":"2017-09-18T17:23:57","date_gmt":"2017-09-18T22:23:57","guid":{"rendered":"http:\/\/www.inter-accion.com.mx\/?p=8179"},"modified":"2017-09-18T17:23:57","modified_gmt":"2017-09-18T22:23:57","slug":"no-es-robo-es-protesta-social-insiste-abogado-de-tlachinollan-sobre-saqueos-de-normalistas","status":"publish","type":"post","link":"https:\/\/www.interaccionnoticias.com.mx\/?p=8179","title":{"rendered":"No es robo, es protesta social\u201d, insiste abogado de Tlachinollan sobre saqueos de normalistas"},"content":{"rendered":"<p><strong>Plantea la solidaridad con las v\u00edctimas del 26 de septiembre de 2014<\/strong><br \/>\nEl abogado del Centro de Derechos Humanos de la Monta\u00f1a Tlachinollan, Vidulfo Rosales Sierra, asever\u00f3 que la sustracci\u00f3n de pipas cargadas con gasolina, la \u201corde\u00f1a\u201d y retenci\u00f3n de autobuses, as\u00ed como la apropiaci\u00f3n de veh\u00edculos de empresas particulares que cometen los normalistas de Ayotzinapa \u201cno son robos\u201d, sino \u201cactos de protesta\u201d.&nbsp;<br \/>\nEn entrevista con El Sol de Chilpancingo, Rosales Sierra justific\u00f3 las acciones cometidas por los estudiantes de la normal rural, pues asegur\u00f3 que se realizan en el contexto de \u201cuna protesta de lucha\u201d.&nbsp;<br \/>\nEl abogado de Tlachinollan calific\u00f3 como \u201cgrave\u201d y \u201csumamente violenta\u201d la respuesta del gobernador H\u00e9ctor Astudillo Flores ante estas protestas de Ayotzinapa.&nbsp;<br \/>\nPrueba de ello, dijo, es la confrontaci\u00f3n ocurrida el mi\u00e9rcoles 13 de septiembre en el t\u00fanel de Metlalapa, donde un grupo de la Polic\u00eda Estatal presuntamente dispar\u00f3 contra las llantas del autob\u00fas en que viajaban los normalistas, para evitar el robo de una pipa cargada con 30 mil litros de gasolina.&nbsp;<br \/>\nRosales Sierra incluso exigi\u00f3 que se \u201cinvestigue y castigue\u201d a los elementos de la Polic\u00eda Estatal que realizaron ese acto de contenci\u00f3n.&nbsp;<br \/>\nArgument\u00f3 que los polic\u00edas \u201cno est\u00e1n capacitados para contener las movilizaciones sociales\u201d, ya que siguen utilizando armas de fuego, lo que resulta \u201csumamente peligroso\u201d.&nbsp;<br \/>\n\u201cEso es lo que ha provocado que haya muertos, hist\u00f3ricamente, en la represi\u00f3n de las movilizaciones en Guerrero\u201d, asever\u00f3.&nbsp;<br \/>\nDijo que \u201cel gobierno del estado deber\u00eda tomar medidas al respecto, porque polic\u00edas armados en movilizaciones sociales es una situaci\u00f3n que va a conducir a hechos graves de violencia\u201d.&nbsp;<br \/>\nCuando se le cuestion\u00f3 sobre las actividades il\u00edcitas y violentas que realizan los normalistas, Rosales Sierra argument\u00f3 que las protestas de Ayotzinapa, \u201cno son pac\u00edficas, porque son de lucha\u201d.&nbsp;<br \/>\nEl defensor insisti\u00f3 en que \u201csin importar el tenor de las protestas\u201d, no se amerita el uso de armas letales.&nbsp;<br \/>\n\u201cSolamente que fu\u00e9ramos un grupo armado, insurgente, entonces s\u00ed ameritar\u00eda el uso de armas letales. Pero el de Ayotzinapa y los padres de familia no es un movimiento armado, es un movimiento social. Su protesta entra\u00f1a una causa leg\u00edtima que es la presentaci\u00f3n con vida de los 43\u201d, expuso.&nbsp;<br \/>\nPor ello, reiter\u00f3 que el gobierno del estado debe de \u201cestar preparado para detener esos actos con un uso de la fuerza proporcional al de la protesta que se est\u00e1 realizando\u201d, sin apartarse de los principios y est\u00e1ndares en materia de derechos humanos.&nbsp;<br \/>\n&#8211;&nbsp;&nbsp;&nbsp;&nbsp;&nbsp;&nbsp;&nbsp;&nbsp;El gobernador calific\u00f3 la sutracci\u00f3n de camiones y de una pipa de gasolina como \u201cun robo\u201d. \u00bfNo consideran que este tipo de acciones desvirt\u00faan el movimiento y generan rechazo por parte de la ciudadan\u00eda?, se le cuestion\u00f3 al abogado de Tlachinollan.&nbsp;<br \/>\n\u201cLas protestas, las caracter\u00edsticas de la protesta de Ayotzinapa tienen un tono\u2026 Por ejemplo\u2026 hay actos de protesta de esa naturaleza\u2026 hoy estamos haciendo una marcha, ma\u00f1ana se puede hacer un acto cultural, pasado ma\u00f1ana la toma de un edificio. Por eso yo digo\u2026 el tema no es ese\u2026 o sea\u2026 \u00a1lo que est\u00e1 diciendo el gobernador es que si hay un robo hay que dispararle a las personas!&#8230; es decir\u2026 si se est\u00e1 haciendo una protesta de esa naturaleza\u201d, respondi\u00f3 Rosales Tierras con varias pausas y titubeos.&nbsp;<br \/>\n&#8211;&nbsp;&nbsp;&nbsp;&nbsp;&nbsp;&nbsp;&nbsp;&nbsp;\u00bfPero entonces s\u00ed es un robo?, se le insisti\u00f3.&nbsp;<br \/>\n\u201cRechazamos que sea un robo, es\u2026 \u00a1un acto de protesta!&#8230; si tu quieres es una protesta en un tono fuerte\u2026 si tu quieres es una protesta con un tono distinto, pero no amerita el uso de armas\u2026 \u00a1Desde nuestro punto de vista no es un robo como tal!, \u00a1no se configura un robo ah\u00ed!&#8230; Es un acto de protesta que s\u00ed es fuerte y s\u00ed tiene una connotaci\u00f3n distinta\u201d, contest\u00f3 el abogado.&nbsp;<br \/>\n&#8211;&nbsp;&nbsp;&nbsp;&nbsp;&nbsp;&nbsp;&nbsp;&nbsp;\u00bfEntonces las autoridades no deben actuar ante estas acciones?, se le volvi\u00f3 a preguntar.&nbsp;<br \/>\n\u201cS\u00ed, el Estado debe de tomar acciones al respecto\u2026 pero debe ser proporcional, no puede haber uso de armas. Nosotros lo rechazamos. No porque haya una protesta de esa naturaleza vas a sacar las armas y matar a los que est\u00e1n protestando. El Estado tiene la fuerza suficiente, tiene la capacidad suficiente para contener cualquier protesta que se est\u00e9 realizando, pero menos matar a las personas, menos lesionar, menos desaparecer\u201d, insisti\u00f3.&nbsp;<br \/>\n&nbsp;<\/p>\n","protected":false},"excerpt":{"rendered":"<p>Plantea la solidaridad con las v\u00edctimas del 26 de septiembre de 2014 El abogado del Centro de Derechos Humanos de la Monta\u00f1a Tlachinollan, Vidulfo Rosales Sierra, asever\u00f3 que la sustracci\u00f3n&hellip; <\/p>\n","protected":false},"author":1,"featured_media":0,"comment_status":"closed","ping_status":"closed","sticky":false,"template":"","format":"standard","meta":{"fifu_image_url":"","fifu_image_alt":"","footnotes":""},"categories":[8,15],"tags":[],"class_list":["post-8179","post","type-post","status-publish","format-standard","hentry","category-featured","category-movimientos-sociales"],"_links":{"self":[{"href":"https:\/\/www.interaccionnoticias.com.mx\/index.php?rest_route=\/wp\/v2\/posts\/8179","targetHints":{"allow":["GET"]}}],"collection":[{"href":"https:\/\/www.interaccionnoticias.com.mx\/index.php?rest_route=\/wp\/v2\/posts"}],"about":[{"href":"https:\/\/www.interaccionnoticias.com.mx\/index.php?rest_route=\/wp\/v2\/types\/post"}],"author":[{"embeddable":true,"href":"https:\/\/www.interaccionnoticias.com.mx\/index.php?rest_route=\/wp\/v2\/users\/1"}],"replies":[{"embeddable":true,"href":"https:\/\/www.interaccionnoticias.com.mx\/index.php?rest_route=%2Fwp%2Fv2%2Fcomments&post=8179"}],"version-history":[{"count":0,"href":"https:\/\/www.interaccionnoticias.com.mx\/index.php?rest_route=\/wp\/v2\/posts\/8179\/revisions"}],"wp:attachment":[{"href":"https:\/\/www.interaccionnoticias.com.mx\/index.php?rest_route=%2Fwp%2Fv2%2Fmedia&parent=8179"}],"wp:term":[{"taxonomy":"category","embeddable":true,"href":"https:\/\/www.interaccionnoticias.com.mx\/index.php?rest_route=%2Fwp%2Fv2%2Fcategories&post=8179"},{"taxonomy":"post_tag","embeddable":true,"href":"https:\/\/www.interaccionnoticias.com.mx\/index.php?rest_route=%2Fwp%2Fv2%2Ftags&post=8179"}],"curies":[{"name":"wp","href":"https:\/\/api.w.org\/{rel}","templated":true}]}}