{"id":8153,"date":"2017-09-17T22:27:33","date_gmt":"2017-09-18T03:27:33","guid":{"rendered":"http:\/\/www.inter-accion.com.mx\/?p=8153"},"modified":"2017-09-17T22:27:33","modified_gmt":"2017-09-18T03:27:33","slug":"detienen-a-cinco-presuntos-secuestradores-en-tetipac","status":"publish","type":"post","link":"https:\/\/www.interaccionnoticias.com.mx\/?p=8153","title":{"rendered":"Detienen a cinco presuntos secuestradores en Tetipac"},"content":{"rendered":"<p>La Fiscal\u00eda General del Estado (FGE) inform\u00f3 la captura infraganti de cinco presuntos secuestradores en Tetipac, municipio ubicado en la regi\u00f3n Norte de Guerrero.<br \/>\nDe acuerdo con un comunicado oficial,&nbsp;un Juez de Control calific\u00f3 de legal la detenci\u00f3n en flagrancia de cinco imputados por el presunto delito de secuestro, en una acci\u00f3n en la que se logr\u00f3 la liberaci\u00f3n de la victima sana y salva en el municipio de Tetipac.<br \/>\nSe anota que la investigaci\u00f3n realizada por la FGE contra el Secuestro, as\u00ed como la actuaci\u00f3n oportuna de un operativo permiti\u00f3 ubicar y capturar a los cinco imputados; quienes exig\u00edan la cantidad de 200 mil pesos por la liberaci\u00f3n de la v\u00edctima, asegurando en armas de fuego, veh\u00edculos y tel\u00e9fonos celulares.<br \/>\nLos hechos informados por la FGE quedaron consignados en la&nbsp;carpeta de investigaci\u00f3n 12050410300501120917, a grandes rasgos, se anota que los cinco implicados plagiaron a su v\u00edctima a bordo de un taxi del transporte p\u00fablico la jornada del 12 de septiembre de 2017, para comunicarse con la familia y reclamar la entrega de 200 mil pesos a manera de rescate.<br \/>\nEl operativo planeado por a Polic\u00eda Ministerial del Estado cont\u00f3 con el apoyo de elementos de la Secretar\u00eda de la Defensa Nacional (Sedena) y la Secretar\u00eda de Seguridad P\u00fablica (SSP).<br \/>\nLos detenidos fueron puestos a disposici\u00f3n del Juez de Control en la ciudad de Iguala, quien calific\u00f3 como legal la detenci\u00f3n, por lo que decret\u00f3 prisi\u00f3n preventiva durante el tiempo que dure el proceso.<br \/>\nEl mismo juez&nbsp;program\u00f3 para el d\u00eda 21 de septiembre la Audiencia de Vinculaci\u00f3n, para efecto de integrar los elementos del caso y someterlos al rigor de la ley.<br \/>\n&nbsp;&nbsp;&nbsp;&nbsp;<\/p>\n","protected":false},"excerpt":{"rendered":"<p>La Fiscal\u00eda General del Estado (FGE) inform\u00f3 la captura infraganti de cinco presuntos secuestradores en Tetipac, municipio ubicado en la regi\u00f3n Norte de Guerrero. De acuerdo con un comunicado oficial,&nbsp;un&hellip; <\/p>\n","protected":false},"author":1,"featured_media":0,"comment_status":"closed","ping_status":"closed","sticky":false,"template":"","format":"standard","meta":{"fifu_image_url":"","fifu_image_alt":"","footnotes":""},"categories":[8,27],"tags":[],"class_list":["post-8153","post","type-post","status-publish","format-standard","hentry","category-featured","category-seguridad-publica"],"_links":{"self":[{"href":"https:\/\/www.interaccionnoticias.com.mx\/index.php?rest_route=\/wp\/v2\/posts\/8153","targetHints":{"allow":["GET"]}}],"collection":[{"href":"https:\/\/www.interaccionnoticias.com.mx\/index.php?rest_route=\/wp\/v2\/posts"}],"about":[{"href":"https:\/\/www.interaccionnoticias.com.mx\/index.php?rest_route=\/wp\/v2\/types\/post"}],"author":[{"embeddable":true,"href":"https:\/\/www.interaccionnoticias.com.mx\/index.php?rest_route=\/wp\/v2\/users\/1"}],"replies":[{"embeddable":true,"href":"https:\/\/www.interaccionnoticias.com.mx\/index.php?rest_route=%2Fwp%2Fv2%2Fcomments&post=8153"}],"version-history":[{"count":0,"href":"https:\/\/www.interaccionnoticias.com.mx\/index.php?rest_route=\/wp\/v2\/posts\/8153\/revisions"}],"wp:attachment":[{"href":"https:\/\/www.interaccionnoticias.com.mx\/index.php?rest_route=%2Fwp%2Fv2%2Fmedia&parent=8153"}],"wp:term":[{"taxonomy":"category","embeddable":true,"href":"https:\/\/www.interaccionnoticias.com.mx\/index.php?rest_route=%2Fwp%2Fv2%2Fcategories&post=8153"},{"taxonomy":"post_tag","embeddable":true,"href":"https:\/\/www.interaccionnoticias.com.mx\/index.php?rest_route=%2Fwp%2Fv2%2Ftags&post=8153"}],"curies":[{"name":"wp","href":"https:\/\/api.w.org\/{rel}","templated":true}]}}