{"id":81304,"date":"2024-08-25T17:35:00","date_gmt":"2024-08-25T22:35:00","guid":{"rendered":"https:\/\/www.interaccionnoticias.com.mx\/?p=81304"},"modified":"2024-08-26T22:55:41","modified_gmt":"2024-08-27T03:55:41","slug":"arranca-en-chilpancingo-el-proceso-de-entrega-recepcion","status":"publish","type":"post","link":"https:\/\/www.interaccionnoticias.com.mx\/?p=81304","title":{"rendered":"Arranca en Chilpancingo el proceso de entrega-recepci\u00f3n"},"content":{"rendered":"\n<p><strong><em>A convocatoria de la ASE, el pr\u00f3ximo 2 de septiembre, se\u00f1ala el alcalde electo, Alejandro Arcos Catal\u00e1n<\/em><\/strong><\/p>\n\n\n\n<p><strong>Yasm\u00edn Garc\u00eda<\/strong><\/p>\n\n\n\n<p>El proceso de entrega-recepci\u00f3n en el Ayuntamiento de Chilpancingo ya est\u00e1 en marcha, confirm\u00f3 el alcalde electo Alejandro Arcos Catal\u00e1n, tras la convocatoria hecha por la Auditor\u00eda Superior del Estado (ASE).<\/p>\n\n\n\n<p>Alejandro Arcos Catal\u00e1n se\u00f1al\u00f3 que de acuerdo con las estimaciones que se tienen, el pr\u00f3ximo 30 de agosto, el Tribunal Electoral del Estado de Guerrero (TEEGro) sesionar\u00e1 para emitir un dictamen respecto a la imugnaci\u00f3n que promovi\u00f3 MORENA.<\/p>\n\n\n\n<p>Manifest\u00f3 que se encuentra confiado en que la resoluci\u00f3n saldr\u00e1 a su favor, pues asegura que la raz\u00f3n jur\u00eddica le asiste.<\/p>\n\n\n\n<p>\u00abEs la fecha l\u00edmite y sabemos que la raz\u00f3n jur\u00eddica nos asiste, que la voluntad popular siempre se privilegia porque ese es el mandato ciudadano\u00bb, dijo el perredista.<\/p>\n\n\n\n<p>Confirm\u00f3 que la Auditoria Superior del Estado (ASE) lo convoc\u00f3 a presentarse junto al equipo que encabezara para iniciar con la entrega recepci\u00f3n, la cita est\u00e1 pactada para el pr\u00f3ximo 2 de septiembre.<\/p>\n\n\n\n<p>El alcalde electo acudi\u00f3 el viernes pasado al tercer y \u00faltimo informe de la presidenta municipal Norma Otilia Hern\u00e1ndez Mart\u00ednez, quien dijo, lo contact\u00f3 v\u00eda telef\u00f3nica para invitarlo, lo que interpret\u00f3 como una buena se\u00f1al.<\/p>\n\n\n\n<p>La toma de protesta, de acuerdo con la Constituci\u00f3n Pol\u00edtica est\u00e1 planteada para el 30 de septiembre, evento que anticip\u00f3, se desarrollar\u00e1 en la plaza central de la ciudad.<\/p>\n","protected":false},"excerpt":{"rendered":"<p>A convocatoria de la ASE, el pr\u00f3ximo 2 de septiembre, se\u00f1ala el alcalde electo, Alejandro Arcos Catal\u00e1n Yasm\u00edn Garc\u00eda El proceso de entrega-recepci\u00f3n en el Ayuntamiento de Chilpancingo ya est\u00e1&hellip; <\/p>\n","protected":false},"author":32,"featured_media":81250,"comment_status":"open","ping_status":"open","sticky":false,"template":"","format":"standard","meta":{"fifu_image_url":"","fifu_image_alt":"","footnotes":""},"categories":[13],"tags":[],"class_list":["post-81304","post","type-post","status-publish","format-standard","has-post-thumbnail","hentry","category-capital"],"_links":{"self":[{"href":"https:\/\/www.interaccionnoticias.com.mx\/index.php?rest_route=\/wp\/v2\/posts\/81304","targetHints":{"allow":["GET"]}}],"collection":[{"href":"https:\/\/www.interaccionnoticias.com.mx\/index.php?rest_route=\/wp\/v2\/posts"}],"about":[{"href":"https:\/\/www.interaccionnoticias.com.mx\/index.php?rest_route=\/wp\/v2\/types\/post"}],"author":[{"embeddable":true,"href":"https:\/\/www.interaccionnoticias.com.mx\/index.php?rest_route=\/wp\/v2\/users\/32"}],"replies":[{"embeddable":true,"href":"https:\/\/www.interaccionnoticias.com.mx\/index.php?rest_route=%2Fwp%2Fv2%2Fcomments&post=81304"}],"version-history":[{"count":1,"href":"https:\/\/www.interaccionnoticias.com.mx\/index.php?rest_route=\/wp\/v2\/posts\/81304\/revisions"}],"predecessor-version":[{"id":81305,"href":"https:\/\/www.interaccionnoticias.com.mx\/index.php?rest_route=\/wp\/v2\/posts\/81304\/revisions\/81305"}],"wp:featuredmedia":[{"embeddable":true,"href":"https:\/\/www.interaccionnoticias.com.mx\/index.php?rest_route=\/wp\/v2\/media\/81250"}],"wp:attachment":[{"href":"https:\/\/www.interaccionnoticias.com.mx\/index.php?rest_route=%2Fwp%2Fv2%2Fmedia&parent=81304"}],"wp:term":[{"taxonomy":"category","embeddable":true,"href":"https:\/\/www.interaccionnoticias.com.mx\/index.php?rest_route=%2Fwp%2Fv2%2Fcategories&post=81304"},{"taxonomy":"post_tag","embeddable":true,"href":"https:\/\/www.interaccionnoticias.com.mx\/index.php?rest_route=%2Fwp%2Fv2%2Ftags&post=81304"}],"curies":[{"name":"wp","href":"https:\/\/api.w.org\/{rel}","templated":true}]}}