{"id":81225,"date":"2024-08-23T14:21:00","date_gmt":"2024-08-23T19:21:00","guid":{"rendered":"https:\/\/www.interaccionnoticias.com.mx\/?p=81225"},"modified":"2024-08-24T01:10:20","modified_gmt":"2024-08-24T06:10:20","slug":"la-seg-analiza-comenzar-el-ciclo-escolar-en-chichihualco-solo-de-manera-virtual-por-el-problema-de-inseguridad","status":"publish","type":"post","link":"https:\/\/www.interaccionnoticias.com.mx\/?p=81225","title":{"rendered":"La SEG analiza comenzar el ciclo escolar en Chichihualco solo de manera virtual, por el problema de inseguridad"},"content":{"rendered":"\n<p><em><strong>&#8212; El lunes 26 de agosto, un mill\u00f3n 105 estudiantes iniciar\u00e1n el ciclo escolar 2024-2025<br>&#8212; En la Zona Norte y Tierra Caliente no se inhibe el inicio de las clases, asegura el titular de la SEG, Marcial Rodr\u00edguez Salda\u00f1a<\/strong><\/em><\/p>\n\n\n\n<p><strong>Yasm\u00edn Garc\u00eda<\/strong><\/p>\n\n\n\n<p>Ante la inseguridad que prevalece en el municipio de Chichihualco, la Secretar\u00eda de Educaci\u00f3n Guerrero (SEG) analiza la pertinencia de continuar con las clases de manera virtual en el ciclo escolar 2024-2025, que inicia el pr\u00f3ximo lunes 26 de agosto.<\/p>\n\n\n\n<p>V\u00eda telef\u00f3nica, el titular de la SEG, Marcial Rodr\u00edguez Salda\u00f1a mencion\u00f3 que en estos momentos hay un proceso de revisi\u00f3n con los supervisores, directores y maestros de la zona para decidir si contin\u00faan con las clases en l\u00ednea o asisten a los planteles, ya que la prioridad del gobierno es salvaguardar la integridad de los docentes y estudiantes.<\/p>\n\n\n\n<p>Durante el ciclo escolar 2023-2024, en algunas comunidades de Chichihualco se impartieron las clases v\u00eda zoom, principalmente por la inseguridad que genero la confrontaci\u00f3n entre grupos de delincuentes.<\/p>\n\n\n\n<p>La suspensi\u00f3n incluso alcanz\u00f3 a planteles de la cabecera municipal, pero indic\u00f3 que nunca se dej\u00f3 de impartir clases.<\/p>\n\n\n\n<p>\u201cSiempre tenemos que estar al lado de los maestros, maestras y estudiantes para garantizar su seguridad, su integridad f\u00edsica, se est\u00e1 evaluando el d\u00eda de hoy sobre el regreso a clases en caso de que haya esta situaci\u00f3n (inseguridad) se van a reanudar de manera virtual\u201d, asegur\u00f3 Rodr\u00edguez Salda\u00f1a.<\/p>\n\n\n\n<p>En el caso de la regi\u00f3n de Tierra Caliente y Zona Norte, mencion\u00f3 que se iniciar\u00e1n de manera presencial, ya que existen las garant\u00edas de seguridad.<\/p>\n\n\n\n<p>\u201cEn Teloloapan no se inhibe el regreso a clases porque se restableci\u00f3 la seguridad el orden, hay garant\u00edas para que se pueda regresar a clases, las corporaciones de seguridad han tomado el control\u201d, dijo el funcionario.<\/p>\n\n\n\n<p>En el caso de Acapulco, recalc\u00f3 que no hay ning\u00fan contratiempo, ya que los planteles que sufrieron da\u00f1os por el hurac\u00e1n Otis han sido completamente rehabilitados.<\/p>\n\n\n\n<p>El pr\u00f3ximo lunes regresar\u00e1n a clases un mill\u00f3n ciento cinco mil estudiantes en todos los niveles educativos.<\/p>\n","protected":false},"excerpt":{"rendered":"<p>&#8212; El lunes 26 de agosto, un mill\u00f3n 105 estudiantes iniciar\u00e1n el ciclo escolar 2024-2025&#8212; En la Zona Norte y Tierra Caliente no se inhibe el inicio de las clases,&hellip; <\/p>\n","protected":false},"author":32,"featured_media":81226,"comment_status":"open","ping_status":"open","sticky":false,"template":"","format":"standard","meta":{"fifu_image_url":"","fifu_image_alt":"","footnotes":""},"categories":[6],"tags":[],"class_list":["post-81225","post","type-post","status-publish","format-standard","has-post-thumbnail","hentry","category-educacion"],"_links":{"self":[{"href":"https:\/\/www.interaccionnoticias.com.mx\/index.php?rest_route=\/wp\/v2\/posts\/81225","targetHints":{"allow":["GET"]}}],"collection":[{"href":"https:\/\/www.interaccionnoticias.com.mx\/index.php?rest_route=\/wp\/v2\/posts"}],"about":[{"href":"https:\/\/www.interaccionnoticias.com.mx\/index.php?rest_route=\/wp\/v2\/types\/post"}],"author":[{"embeddable":true,"href":"https:\/\/www.interaccionnoticias.com.mx\/index.php?rest_route=\/wp\/v2\/users\/32"}],"replies":[{"embeddable":true,"href":"https:\/\/www.interaccionnoticias.com.mx\/index.php?rest_route=%2Fwp%2Fv2%2Fcomments&post=81225"}],"version-history":[{"count":1,"href":"https:\/\/www.interaccionnoticias.com.mx\/index.php?rest_route=\/wp\/v2\/posts\/81225\/revisions"}],"predecessor-version":[{"id":81227,"href":"https:\/\/www.interaccionnoticias.com.mx\/index.php?rest_route=\/wp\/v2\/posts\/81225\/revisions\/81227"}],"wp:featuredmedia":[{"embeddable":true,"href":"https:\/\/www.interaccionnoticias.com.mx\/index.php?rest_route=\/wp\/v2\/media\/81226"}],"wp:attachment":[{"href":"https:\/\/www.interaccionnoticias.com.mx\/index.php?rest_route=%2Fwp%2Fv2%2Fmedia&parent=81225"}],"wp:term":[{"taxonomy":"category","embeddable":true,"href":"https:\/\/www.interaccionnoticias.com.mx\/index.php?rest_route=%2Fwp%2Fv2%2Fcategories&post=81225"},{"taxonomy":"post_tag","embeddable":true,"href":"https:\/\/www.interaccionnoticias.com.mx\/index.php?rest_route=%2Fwp%2Fv2%2Ftags&post=81225"}],"curies":[{"name":"wp","href":"https:\/\/api.w.org\/{rel}","templated":true}]}}