{"id":81222,"date":"2024-08-23T14:06:00","date_gmt":"2024-08-23T19:06:00","guid":{"rendered":"https:\/\/www.interaccionnoticias.com.mx\/?p=81222"},"modified":"2024-08-24T01:06:55","modified_gmt":"2024-08-24T06:06:55","slug":"trabajadores-del-poder-judicial-federal-volantean-en-calles-de-chilpancingo","status":"publish","type":"post","link":"https:\/\/www.interaccionnoticias.com.mx\/?p=81222","title":{"rendered":"Trabajadores del Poder Judicial Federal volantean en calles de Chilpancingo"},"content":{"rendered":"\n<p><em><strong>&#8212; Son empleados del II Tribunal Colegiado, ya llevan cinco d\u00edas en el movimiento<\/strong><\/em><\/p>\n\n\n\n<p><strong>Jes\u00fas Dorantes<\/strong><\/p>\n\n\n\n<p><strong>Chilpancingo, Gro.-<\/strong> Trabajadores y magistrados del II Tribunal Colegiado realizaron la distribuci\u00f3n de volantes en la avenida Juan N. \u00c1lvarez, como parte de las actividades encaminadas a cuestionar la Reforma al Poder Judicial de la Federaci\u00f3n impulsada por el presidente de la Rep\u00fablica, Andr\u00e9s Manuel L\u00f3pez Obrador.<\/p>\n\n\n\n<p>La jornada del viernes 23 de agosto, un grupo de 40 trabajadores que permanecen en paro desde el lunes 19 de agosto comenzaron a distribuir volantes en los que se informan las causas que los llevaron a declararse en paro laboral.<\/p>\n\n\n\n<p>Tambi\u00e9n muestran pancartas a los automovilistas con leyendas como \u201cNo somos Pol\u00edticos\u201d y \u201cRespeto a la Independencia Judicial\u201d.<\/p>\n\n\n\n<p>El Magistrado Ne\u00f3fito L\u00f3pez Ramos, se\u00f1al\u00f3 que la actividad forma parte del rechazo de los trabajadores guerrerenses del Poder Judicial de la Federaci\u00f3n (PJF), adem\u00e1s de confirmar que el pr\u00f3ximo lunes 26 de agosto se sumar\u00e1n a la protesta que se realizar\u00e1 en la Ciudad de M\u00e9xico.<\/p>\n\n\n\n<p>Advirti\u00f3 que de aprobarse la reforma para la elecci\u00f3n de jueces por votaci\u00f3n directa se perder\u00eda la independencia del Poder Judicial, ya que en ese tipo de elecci\u00f3n no existe certeza jur\u00eddica y el pa\u00eds se colocar\u00e1 en la posibilidad de convertirse en una dictadura.<\/p>\n\n\n\n<p>Tambi\u00e9n destac\u00f3 que laboralmente se ver\u00edan afectados m\u00e1s de mil 500 jueces y magistrados, adem\u00e1s de un promedio de 52 mil trabajadores, de los que m\u00e1s de mil viven en el estado de Guerrero, situaci\u00f3n que es grave en un estado con tantos problemas sociales y econ\u00f3micos.<\/p>\n","protected":false},"excerpt":{"rendered":"<p>&#8212; Son empleados del II Tribunal Colegiado, ya llevan cinco d\u00edas en el movimiento Jes\u00fas Dorantes Chilpancingo, Gro.- Trabajadores y magistrados del II Tribunal Colegiado realizaron la distribuci\u00f3n de volantes&hellip; <\/p>\n","protected":false},"author":8,"featured_media":81223,"comment_status":"open","ping_status":"open","sticky":false,"template":"","format":"standard","meta":{"fifu_image_url":"","fifu_image_alt":"","footnotes":""},"categories":[11],"tags":[],"class_list":["post-81222","post","type-post","status-publish","format-standard","has-post-thumbnail","hentry","category-guerrero"],"_links":{"self":[{"href":"https:\/\/www.interaccionnoticias.com.mx\/index.php?rest_route=\/wp\/v2\/posts\/81222","targetHints":{"allow":["GET"]}}],"collection":[{"href":"https:\/\/www.interaccionnoticias.com.mx\/index.php?rest_route=\/wp\/v2\/posts"}],"about":[{"href":"https:\/\/www.interaccionnoticias.com.mx\/index.php?rest_route=\/wp\/v2\/types\/post"}],"author":[{"embeddable":true,"href":"https:\/\/www.interaccionnoticias.com.mx\/index.php?rest_route=\/wp\/v2\/users\/8"}],"replies":[{"embeddable":true,"href":"https:\/\/www.interaccionnoticias.com.mx\/index.php?rest_route=%2Fwp%2Fv2%2Fcomments&post=81222"}],"version-history":[{"count":1,"href":"https:\/\/www.interaccionnoticias.com.mx\/index.php?rest_route=\/wp\/v2\/posts\/81222\/revisions"}],"predecessor-version":[{"id":81224,"href":"https:\/\/www.interaccionnoticias.com.mx\/index.php?rest_route=\/wp\/v2\/posts\/81222\/revisions\/81224"}],"wp:featuredmedia":[{"embeddable":true,"href":"https:\/\/www.interaccionnoticias.com.mx\/index.php?rest_route=\/wp\/v2\/media\/81223"}],"wp:attachment":[{"href":"https:\/\/www.interaccionnoticias.com.mx\/index.php?rest_route=%2Fwp%2Fv2%2Fmedia&parent=81222"}],"wp:term":[{"taxonomy":"category","embeddable":true,"href":"https:\/\/www.interaccionnoticias.com.mx\/index.php?rest_route=%2Fwp%2Fv2%2Fcategories&post=81222"},{"taxonomy":"post_tag","embeddable":true,"href":"https:\/\/www.interaccionnoticias.com.mx\/index.php?rest_route=%2Fwp%2Fv2%2Ftags&post=81222"}],"curies":[{"name":"wp","href":"https:\/\/api.w.org\/{rel}","templated":true}]}}