{"id":81207,"date":"2024-08-22T17:57:00","date_gmt":"2024-08-22T22:57:00","guid":{"rendered":"https:\/\/www.interaccionnoticias.com.mx\/?p=81207"},"modified":"2024-08-24T00:50:30","modified_gmt":"2024-08-24T05:50:30","slug":"riesgos-y-proteccion-civil","status":"publish","type":"post","link":"https:\/\/www.interaccionnoticias.com.mx\/?p=81207","title":{"rendered":"Riesgos y Protecci\u00f3n Civil"},"content":{"rendered":"\n<p><strong><em>&#8212; Roberto Arroyo Matus asegur\u00f3 que es un avance para Guerrero en materia de Protecci\u00f3n Civil ya que est\u00e1 enfocada a la participaci\u00f3n ciudadana con las brigadas comunitarias<\/em><\/strong><\/p>\n\n\n\n<p><strong>Yasm\u00edn Garc\u00eda<\/strong><\/p>\n\n\n\n<p>El pleno del Congreso local aprob\u00f3 el dictamen con proyecto de Ley de Gesti\u00f3n Integral de Riesgos y Protecci\u00f3n Civil del Estado de Guerrero, para establecer normas, criterios, principios b\u00e1sicos y acciones en la materia destinadas a la protecci\u00f3n de la vida y salud de la poblaci\u00f3n.<\/p>\n\n\n\n<p>El dictamen de Ley, se aprob\u00f3 por unanimidad ante el pleno en la sesi\u00f3n extraordinaria de este jueves.<\/p>\n\n\n\n<p>La diputada presidenta de la Comisi\u00f3n de Protecci\u00f3n Civil, Patricia Doroteo Calder\u00f3n fundamento en tribuna a favor, recalc\u00f3 que se actualizaron y armonizaron los distintos conceptos y disposiciones generales, con respecto a la establecido por la Ley General de Protecci\u00f3n Civil y la nueva Ley General de Protecci\u00f3n Civil y Gesti\u00f3n de Riesgo de Desastres.<\/p>\n\n\n\n<p>Adem\u00e1s de que se otorgan y actualizan las atribuciones del Consejo Estatal y de los Consejos Municipales de Gesti\u00f3n Integral de Riesgos y de Protecci\u00f3n Civil.<\/p>\n\n\n\n<p>En conferencia de prensa, el titular de la Secretaria de Gesti\u00f3n Integral de Riesgos y Protecci\u00f3n Civil Guerrero, Roberto Arroyo Matus manifest\u00f3 que es un avance para Guerrero en materia de Protecci\u00f3n Civil ya que est\u00e1 enfocada a la participaci\u00f3n ciudadana con las brigadas comunitarias.<\/p>\n\n\n\n<p>\u201cSobre todo para tratar de ajustarnos para las nuevas directrices, cambiamos art\u00edculos enfocados a la participaci\u00f3n ciudadana, es muy importante no podemos decir que hay una actividad completa sino tenemos la participaci\u00f3n de la poblaci\u00f3n\u201d, manifest\u00f3.<\/p>\n\n\n\n<p>Por su parte, la diputada Patricia Doroteo Calder\u00f3n, destac\u00f3 que es una nueva ley para la que se realizaron foros, y en base a ello se establecen mecanismos de coordinaci\u00f3n para la atenci\u00f3n de emegencias, mediante los procedimientos establecidos en Ley General y los Lineamientos en la materia.<\/p>\n","protected":false},"excerpt":{"rendered":"<p>&#8212; Roberto Arroyo Matus asegur\u00f3 que es un avance para Guerrero en materia de Protecci\u00f3n Civil ya que est\u00e1 enfocada a la participaci\u00f3n ciudadana con las brigadas comunitarias Yasm\u00edn Garc\u00eda&hellip; <\/p>\n","protected":false},"author":32,"featured_media":81208,"comment_status":"open","ping_status":"open","sticky":false,"template":"","format":"standard","meta":{"fifu_image_url":"","fifu_image_alt":"","footnotes":""},"categories":[2],"tags":[],"class_list":["post-81207","post","type-post","status-publish","format-standard","has-post-thumbnail","hentry","category-congreso"],"_links":{"self":[{"href":"https:\/\/www.interaccionnoticias.com.mx\/index.php?rest_route=\/wp\/v2\/posts\/81207","targetHints":{"allow":["GET"]}}],"collection":[{"href":"https:\/\/www.interaccionnoticias.com.mx\/index.php?rest_route=\/wp\/v2\/posts"}],"about":[{"href":"https:\/\/www.interaccionnoticias.com.mx\/index.php?rest_route=\/wp\/v2\/types\/post"}],"author":[{"embeddable":true,"href":"https:\/\/www.interaccionnoticias.com.mx\/index.php?rest_route=\/wp\/v2\/users\/32"}],"replies":[{"embeddable":true,"href":"https:\/\/www.interaccionnoticias.com.mx\/index.php?rest_route=%2Fwp%2Fv2%2Fcomments&post=81207"}],"version-history":[{"count":1,"href":"https:\/\/www.interaccionnoticias.com.mx\/index.php?rest_route=\/wp\/v2\/posts\/81207\/revisions"}],"predecessor-version":[{"id":81209,"href":"https:\/\/www.interaccionnoticias.com.mx\/index.php?rest_route=\/wp\/v2\/posts\/81207\/revisions\/81209"}],"wp:featuredmedia":[{"embeddable":true,"href":"https:\/\/www.interaccionnoticias.com.mx\/index.php?rest_route=\/wp\/v2\/media\/81208"}],"wp:attachment":[{"href":"https:\/\/www.interaccionnoticias.com.mx\/index.php?rest_route=%2Fwp%2Fv2%2Fmedia&parent=81207"}],"wp:term":[{"taxonomy":"category","embeddable":true,"href":"https:\/\/www.interaccionnoticias.com.mx\/index.php?rest_route=%2Fwp%2Fv2%2Fcategories&post=81207"},{"taxonomy":"post_tag","embeddable":true,"href":"https:\/\/www.interaccionnoticias.com.mx\/index.php?rest_route=%2Fwp%2Fv2%2Ftags&post=81207"}],"curies":[{"name":"wp","href":"https:\/\/api.w.org\/{rel}","templated":true}]}}