{"id":81201,"date":"2024-08-22T17:53:00","date_gmt":"2024-08-22T22:53:00","guid":{"rendered":"https:\/\/www.interaccionnoticias.com.mx\/?p=81201"},"modified":"2024-08-24T00:41:02","modified_gmt":"2024-08-24T05:41:02","slug":"diputada-local-ofrece-disculpa-publica-por-no-conseguir-la-aprobacion-de-la-ley-de-desaparicion-forzada-en-guerrero","status":"publish","type":"post","link":"https:\/\/www.interaccionnoticias.com.mx\/?p=81201","title":{"rendered":"Diputada local ofrece disculpa p\u00fablica por no conseguir la aprobaci\u00f3n de la Ley de Desaparici\u00f3n Forzada en Guerrero"},"content":{"rendered":"\n<p><em><strong>&#8212; Nora Yanek Vel\u00e1zquez, del Grupo Parlametario de MORENA, sostiene que se agot\u00f3 todo el procedimiento<br>&#8212; Hubo Mesas de Trabajo con colectivos de familiares de personas desaparecidas, la Fiscal\u00eda General del Estado (FGE), la Secretar\u00eda General de Gobierno, la Comisi\u00f3n de Derechos Humanos del Estado de Guerrero (CDHEG) y el alto Comisionado de la ONU M\u00e9xico<\/strong><\/em><\/p>\n\n\n\n<p><strong>Yasmin Garcia<\/strong><\/p>\n\n\n\n<p>La diputada local por MORENA, Nora Yanek Vel\u00e1zquez Mart\u00ednez ofreci\u00f3 una disculpa p\u00fablica por no lograr que se aprobara la Iniciativa de Ley en Materia de Desaparici\u00f3n Forzada de Personas para el Estado de Guerrero, presentada en noviembre del 2022.<\/p>\n\n\n\n<p>La promovente de dicha iniciativa sostuvo que se trata de una deuda hist\u00f3rica con las familias guerrerenses que buscan a sus seres queridos.<\/p>\n\n\n\n<p>Relat\u00f3 que a pesar de que hubo mesas de trabajo en el Congreso local, donde participaron colectivos de familiares de personas desaparecidas, la Fiscal\u00eda General del Estado (FGE), la Secretar\u00eda General de Gobierno, la Comisi\u00f3n de Derechos Humanos del Estado de Guerrero y el alto Comisionado de la ONU-M\u00e9xico, la iniciativa no pas\u00f3 al pleno.<\/p>\n\n\n\n<p>Apenas consigui\u00f3 que se turnara a la Comisi\u00f3n de Derechos Humanos, que preside la diputada del PT Leticia Mosso Hern\u00e1ndez, pero al asumir la presidencia de la Mesa Directiva qued\u00f3 al frente el secretario de la Comisi\u00f3n, el diputado morenista Osbaldo R\u00edos Manrique.<\/p>\n\n\n\n<p>\u201cEs una de las cosas que qued\u00f3 en deuda con los familiares, yo ofresco una disculpa p\u00fablica por no haberlo logrado, hice lo que pude, cabildeamos hasta donde se pudo, no hubo oposici\u00f3n, pero hab\u00eda procesos que no estaban en nuestras manos\u201d, justific\u00f3 la legisladora.<\/p>\n\n\n\n<p>La legisladora recalc\u00f3 que desconoce el motivo del por qu\u00e9 no se paso al pleno la iniciativa para realizar la votaci\u00f3n, pero reiter\u00f3 que es por dem\u00e1s lamentable.<\/p>\n\n\n\n<p>\u201cNo sabemos que pas\u00f3 porque estaba todo en la mesa, incluso el Gobierno del Estado particip\u00f3, ojala que no haya sido un tema presupuestal, yo conf\u00edo en la buena voluntad de nuestra gobernadora para que se impulse esta ley\u201d, anot\u00f3.<\/p>\n\n\n\n<p>Exhort\u00f3 a los diputados electos que integraran la Sexag\u00e9sima Cuarta Legislatura retomar la iniciativa, para que no se vaya al archivo muerto.<\/p>\n\n\n\n<p>Explic\u00f3 que dicha iniciativa contempla la creaci\u00f3n de la Comisi\u00f3n Estatal de B\u00fasqueda como un \u00f3rgano descentralizada de la Secretar\u00eda General de Gobierno, con autonom\u00eda t\u00e9cnica, administrativa, financiera y de gesti\u00f3n.<\/p>\n\n\n\n<p>El nombramiento del Titular de la Comisi\u00f3n estar\u00e1 a cargo del Ejecutivo Estatal, a trav\u00e9s de un proceso de convocatoria p\u00fablica y consulta abierta a los organismos de familiares de personas desaparecidas, que ser\u00e1 ratificado por el Congreso local, con el voto de las dos terceras partes de las y los diputados presentes en la sesi\u00f3n.<\/p>\n","protected":false},"excerpt":{"rendered":"<p>&#8212; Nora Yanek Vel\u00e1zquez, del Grupo Parlametario de MORENA, sostiene que se agot\u00f3 todo el procedimiento&#8212; Hubo Mesas de Trabajo con colectivos de familiares de personas desaparecidas, la Fiscal\u00eda General&hellip; <\/p>\n","protected":false},"author":32,"featured_media":81202,"comment_status":"open","ping_status":"open","sticky":false,"template":"","format":"standard","meta":{"fifu_image_url":"","fifu_image_alt":"","footnotes":""},"categories":[2],"tags":[],"class_list":["post-81201","post","type-post","status-publish","format-standard","has-post-thumbnail","hentry","category-congreso"],"_links":{"self":[{"href":"https:\/\/www.interaccionnoticias.com.mx\/index.php?rest_route=\/wp\/v2\/posts\/81201","targetHints":{"allow":["GET"]}}],"collection":[{"href":"https:\/\/www.interaccionnoticias.com.mx\/index.php?rest_route=\/wp\/v2\/posts"}],"about":[{"href":"https:\/\/www.interaccionnoticias.com.mx\/index.php?rest_route=\/wp\/v2\/types\/post"}],"author":[{"embeddable":true,"href":"https:\/\/www.interaccionnoticias.com.mx\/index.php?rest_route=\/wp\/v2\/users\/32"}],"replies":[{"embeddable":true,"href":"https:\/\/www.interaccionnoticias.com.mx\/index.php?rest_route=%2Fwp%2Fv2%2Fcomments&post=81201"}],"version-history":[{"count":1,"href":"https:\/\/www.interaccionnoticias.com.mx\/index.php?rest_route=\/wp\/v2\/posts\/81201\/revisions"}],"predecessor-version":[{"id":81203,"href":"https:\/\/www.interaccionnoticias.com.mx\/index.php?rest_route=\/wp\/v2\/posts\/81201\/revisions\/81203"}],"wp:featuredmedia":[{"embeddable":true,"href":"https:\/\/www.interaccionnoticias.com.mx\/index.php?rest_route=\/wp\/v2\/media\/81202"}],"wp:attachment":[{"href":"https:\/\/www.interaccionnoticias.com.mx\/index.php?rest_route=%2Fwp%2Fv2%2Fmedia&parent=81201"}],"wp:term":[{"taxonomy":"category","embeddable":true,"href":"https:\/\/www.interaccionnoticias.com.mx\/index.php?rest_route=%2Fwp%2Fv2%2Fcategories&post=81201"},{"taxonomy":"post_tag","embeddable":true,"href":"https:\/\/www.interaccionnoticias.com.mx\/index.php?rest_route=%2Fwp%2Fv2%2Ftags&post=81201"}],"curies":[{"name":"wp","href":"https:\/\/api.w.org\/{rel}","templated":true}]}}