{"id":81197,"date":"2024-08-22T13:03:00","date_gmt":"2024-08-22T18:03:00","guid":{"rendered":"https:\/\/www.interaccionnoticias.com.mx\/?p=81197"},"modified":"2024-08-24T00:30:28","modified_gmt":"2024-08-24T05:30:28","slug":"vinculan-a-proceso-a-david-n-detenido-en-teloloapan-con-uniforme-falso-de-la-fge-armas-y-droga","status":"publish","type":"post","link":"https:\/\/www.interaccionnoticias.com.mx\/?p=81197","title":{"rendered":"Vinculan a proceso a David \u201cN\u201d, detenido en Teloloapan con uniforme falso de la FGE, armas y droga"},"content":{"rendered":"\n<p><strong><em>&#8212; Adem\u00e1s viajaba en un veh\u00edculo con reporte de robo<\/em><\/strong><\/p>\n\n\n\n<p><strong>Jes\u00fas Dorantes<\/strong><\/p>\n\n\n\n<p><strong>Chilpancingo, Gro.-<\/strong> A 10 d\u00edas de su detenci\u00f3n fue vinculado proceso David \u201cN\u201d, acusado de delitos contra la salud, usurpaci\u00f3n de funciones y robo de veh\u00edculo en el municipio de Teloloapan, quien portaba logos de la Fiscal\u00eda General del Estado (FGE) en su playera, al momento de su detenci\u00f3n.<\/p>\n\n\n\n<p>La FGE dio a conocer la vinculaci\u00f3n a proceso de David \u201cN\u201d, \u201cLuego de ser presentados los datos y elementos de prueba contenidos en la carpeta de investigaci\u00f3n, lo que permiti\u00f3 que un juez declarara el auto de vinculaci\u00f3n a proceso bajo medidas cautelares, as\u00ed como un plazo de dos meses para las investigaciones complementarias.<\/p>\n\n\n\n<p>El pasado 12 de agosto, la FGE inform\u00f3 sobre la detenci\u00f3n de quien se\u00f1al\u00f3 como presunto responsable de delitos contra la salud en la modalidad de narcomenudeo, adem\u00e1s de usurpaci\u00f3n de funciones.<\/p>\n\n\n\n<p>Su aprensi\u00f3n se realiz\u00f3 en la localidad de Rinc\u00f3n del Sauce, en el municipio de Teloloapan, sobre la carretera federal Iguala &#8211; Ciudad Altamirano.<\/p>\n\n\n\n<p>El detenido estaba en posesi\u00f3n de un veh\u00edculo de color azul de la marca Honda, que ten\u00eda el n\u00famero de registro alterado y contaba con reporte de robo.<\/p>\n\n\n\n<p>Adem\u00e1s, vest\u00eda una playera con los logos de la FGE, sin formar parte de la instituci\u00f3n, adem\u00e1s de que le fue decomisado equipo t\u00e1ctico y droga.<\/p>\n","protected":false},"excerpt":{"rendered":"<p>&#8212; Adem\u00e1s viajaba en un veh\u00edculo con reporte de robo Jes\u00fas Dorantes Chilpancingo, Gro.- A 10 d\u00edas de su detenci\u00f3n fue vinculado proceso David \u201cN\u201d, acusado de delitos contra la&hellip; <\/p>\n","protected":false},"author":8,"featured_media":81157,"comment_status":"open","ping_status":"open","sticky":false,"template":"","format":"standard","meta":{"fifu_image_url":"","fifu_image_alt":"","footnotes":""},"categories":[27],"tags":[],"class_list":["post-81197","post","type-post","status-publish","format-standard","has-post-thumbnail","hentry","category-seguridad-publica"],"_links":{"self":[{"href":"https:\/\/www.interaccionnoticias.com.mx\/index.php?rest_route=\/wp\/v2\/posts\/81197","targetHints":{"allow":["GET"]}}],"collection":[{"href":"https:\/\/www.interaccionnoticias.com.mx\/index.php?rest_route=\/wp\/v2\/posts"}],"about":[{"href":"https:\/\/www.interaccionnoticias.com.mx\/index.php?rest_route=\/wp\/v2\/types\/post"}],"author":[{"embeddable":true,"href":"https:\/\/www.interaccionnoticias.com.mx\/index.php?rest_route=\/wp\/v2\/users\/8"}],"replies":[{"embeddable":true,"href":"https:\/\/www.interaccionnoticias.com.mx\/index.php?rest_route=%2Fwp%2Fv2%2Fcomments&post=81197"}],"version-history":[{"count":1,"href":"https:\/\/www.interaccionnoticias.com.mx\/index.php?rest_route=\/wp\/v2\/posts\/81197\/revisions"}],"predecessor-version":[{"id":81198,"href":"https:\/\/www.interaccionnoticias.com.mx\/index.php?rest_route=\/wp\/v2\/posts\/81197\/revisions\/81198"}],"wp:featuredmedia":[{"embeddable":true,"href":"https:\/\/www.interaccionnoticias.com.mx\/index.php?rest_route=\/wp\/v2\/media\/81157"}],"wp:attachment":[{"href":"https:\/\/www.interaccionnoticias.com.mx\/index.php?rest_route=%2Fwp%2Fv2%2Fmedia&parent=81197"}],"wp:term":[{"taxonomy":"category","embeddable":true,"href":"https:\/\/www.interaccionnoticias.com.mx\/index.php?rest_route=%2Fwp%2Fv2%2Fcategories&post=81197"},{"taxonomy":"post_tag","embeddable":true,"href":"https:\/\/www.interaccionnoticias.com.mx\/index.php?rest_route=%2Fwp%2Fv2%2Ftags&post=81197"}],"curies":[{"name":"wp","href":"https:\/\/api.w.org\/{rel}","templated":true}]}}