{"id":81195,"date":"2024-08-22T12:57:00","date_gmt":"2024-08-22T17:57:00","guid":{"rendered":"https:\/\/www.interaccionnoticias.com.mx\/?p=81195"},"modified":"2024-08-24T00:27:14","modified_gmt":"2024-08-24T05:27:14","slug":"sentencian-a-15-anos-de-prision-a-mujer-que-asesino-a-su-hijo-de-seis-anos-en-atoyac-de-alvarez","status":"publish","type":"post","link":"https:\/\/www.interaccionnoticias.com.mx\/?p=81195","title":{"rendered":"Sentencian a 15 a\u00f1os de prisi\u00f3n a mujer que asesin\u00f3 a su hijo de seis a\u00f1os, en Atoyac de \u00c1lvarez"},"content":{"rendered":"\n<p><em><strong>&#8212; El homicidio ocurri\u00f3 en agosto del 2021, cuando el padre estaba trabajando<\/strong><\/em><\/p>\n\n\n\n<p><strong>Jes\u00fas Dorantes<\/strong><\/p>\n\n\n\n<p><strong>Chilpancingo, Gro,-<\/strong> Luc\u00eda \u00abN\u00bb fue sentenciada 15 a\u00f1os de c\u00e1rcel por el asesinato de su hijo, a tres a\u00f1os de que ocurrieran los hechos en el municipio de Atoyac de \u00c1lvarez, en la Costa Grande del Estado.<\/p>\n\n\n\n<p>La Fiscal\u00eda General del Estado (FGE) emitido un comunicado el mi\u00e9rcoles 21 de agosto, en el que se\u00f1ala que Luc\u00eda \u201cN\u201d fue sentenciada 15 a\u00f1os de c\u00e1rcel por un juez por el delito de homicidio en grado de parentesco.<\/p>\n\n\n\n<p>El asesinato de Rub\u00e9n \u201cN\u201d, de 6 a\u00f1os de edad ocurri\u00f3 el 20 de agosto del 2021 dentro de su domicilio, donde su madre, bajo los efectos de alguna droga le quit\u00f3 la vida degoll\u00e1ndolo con un vidrio.<\/p>\n\n\n\n<p>La captura se dio el mismo d\u00eda de los hechos, tras la denuncia oportuna de uno de sus familiares, lo que deriv\u00f3 en el proceso legal que dio como resultado su sentencia.<\/p>\n\n\n\n<p>En aquel d\u00eda del 2021 Luc\u00eda fue detenida por la Polic\u00eda Municipal de Atoyac y entregada a la FGE, mientras que tambi\u00e9n se confirm\u00f3 el padre del menor hab\u00eda salido a trabajar en la venta de bolillos.<\/p>\n","protected":false},"excerpt":{"rendered":"<p>&#8212; El homicidio ocurri\u00f3 en agosto del 2021, cuando el padre estaba trabajando Jes\u00fas Dorantes Chilpancingo, Gro,- Luc\u00eda \u00abN\u00bb fue sentenciada 15 a\u00f1os de c\u00e1rcel por el asesinato de su&hellip; <\/p>\n","protected":false},"author":8,"featured_media":81156,"comment_status":"open","ping_status":"open","sticky":false,"template":"","format":"standard","meta":{"fifu_image_url":"","fifu_image_alt":"","footnotes":""},"categories":[27],"tags":[],"class_list":["post-81195","post","type-post","status-publish","format-standard","has-post-thumbnail","hentry","category-seguridad-publica"],"_links":{"self":[{"href":"https:\/\/www.interaccionnoticias.com.mx\/index.php?rest_route=\/wp\/v2\/posts\/81195","targetHints":{"allow":["GET"]}}],"collection":[{"href":"https:\/\/www.interaccionnoticias.com.mx\/index.php?rest_route=\/wp\/v2\/posts"}],"about":[{"href":"https:\/\/www.interaccionnoticias.com.mx\/index.php?rest_route=\/wp\/v2\/types\/post"}],"author":[{"embeddable":true,"href":"https:\/\/www.interaccionnoticias.com.mx\/index.php?rest_route=\/wp\/v2\/users\/8"}],"replies":[{"embeddable":true,"href":"https:\/\/www.interaccionnoticias.com.mx\/index.php?rest_route=%2Fwp%2Fv2%2Fcomments&post=81195"}],"version-history":[{"count":1,"href":"https:\/\/www.interaccionnoticias.com.mx\/index.php?rest_route=\/wp\/v2\/posts\/81195\/revisions"}],"predecessor-version":[{"id":81196,"href":"https:\/\/www.interaccionnoticias.com.mx\/index.php?rest_route=\/wp\/v2\/posts\/81195\/revisions\/81196"}],"wp:featuredmedia":[{"embeddable":true,"href":"https:\/\/www.interaccionnoticias.com.mx\/index.php?rest_route=\/wp\/v2\/media\/81156"}],"wp:attachment":[{"href":"https:\/\/www.interaccionnoticias.com.mx\/index.php?rest_route=%2Fwp%2Fv2%2Fmedia&parent=81195"}],"wp:term":[{"taxonomy":"category","embeddable":true,"href":"https:\/\/www.interaccionnoticias.com.mx\/index.php?rest_route=%2Fwp%2Fv2%2Fcategories&post=81195"},{"taxonomy":"post_tag","embeddable":true,"href":"https:\/\/www.interaccionnoticias.com.mx\/index.php?rest_route=%2Fwp%2Fv2%2Ftags&post=81195"}],"curies":[{"name":"wp","href":"https:\/\/api.w.org\/{rel}","templated":true}]}}