{"id":81183,"date":"2024-08-22T09:25:00","date_gmt":"2024-08-22T14:25:00","guid":{"rendered":"https:\/\/www.interaccionnoticias.com.mx\/?p=81183"},"modified":"2024-08-24T00:06:35","modified_gmt":"2024-08-24T05:06:35","slug":"fosa-clandestina-con-dos-cuerpos-en-las-pozas-zihuatanejo","status":"publish","type":"post","link":"https:\/\/www.interaccionnoticias.com.mx\/?p=81183","title":{"rendered":"Fosa clandestina con dos cuerpos en Las Pozas, Zihuatanejo"},"content":{"rendered":"\n<p><strong><em>&#8212; Efectivos de la Sedena, Semar y FGE participan en b\u00fasqueda<br>&#8212; Continuar\u00e1 el operativo en la zona<\/em><\/strong><\/p>\n\n\n\n<p><strong>Javier Trujillo<\/strong><\/p>\n\n\n\n<p><strong>Acapulco, Gro.- <\/strong>Entre la comunidad de Las Pozas y San Miguelito, municipio de Zihuatanejo, regi\u00f3n de la Costa Grande de Guerrero, autoridades ministeriales y de la Sedena localizaron una fosa clandestina con al menos dos cuerpos los cuales presentan un avanzado estado de descomposici\u00f3n.<\/p>\n\n\n\n<p>El sitio se encuentra ubicado entre las dos comunidades y a unos cinco minutos del Aeropuerto Internacional del llamado binomio de playas Ixtapa-Zihuatanejo, donde tras una denuncia an\u00f3nima, agentes de la Fiscal\u00eda General del Estado, Ej\u00e9rcito Mexicano y la Marina, realizaron un operativo de reconocimiento a inmediaciones de los poblados conocidos como Las Pozas y San Miguelito, ubicada cerca del r\u00edo.<\/p>\n\n\n\n<p>Tras el despliegue policiaco militar, se confirm\u00f3 la denuncia de que en la zona hab\u00eda fosas clandestinas en las cuales informaron que contiene restos \u00f3seos de al menos dos personas.<\/p>\n\n\n\n<p>Durante las actividades para exhumar los restos humanos los cuales presentan un avanzado estado de descomposici\u00f3n, no se ha logrado determinar si son hombres o mujeres.<\/p>\n\n\n\n<p>De acuerdo con los primeros reportes de las autoridades se presume que los restos humanos tienen aproximadamente un a\u00f1o, ya que solo se encontraron solamente la osamenta.<\/p>\n\n\n\n<p>Seg\u00fan las primeras diligencias, la fosa y los restos humanos fueron encontrados cerca de un r\u00edo en la zona del poblado de Las Pozas.<\/p>\n\n\n\n<p>Tras el hallazgo de los dos cuerpos, las autoridades ministeriales confirmaron que se realizaran m\u00e1s excavaciones en la zona para encontrar indicios de personas que pudieran haber sido inhumadas en forma clandestina.<\/p>\n\n\n\n<div class=\"wp-block-jetpack-slideshow aligncenter\" data-effect=\"slide\"><div class=\"wp-block-jetpack-slideshow_container swiper-container\"><ul class=\"wp-block-jetpack-slideshow_swiper-wrapper swiper-wrapper\"><li class=\"wp-block-jetpack-slideshow_slide swiper-slide\"><figure><img decoding=\"async\" src=\"data:image\/gif;base64,R0lGODlhAQABAIAAAAAAAP\/\/\/ywAAAAAAQABAAACAUwAOw==\" fifu-lazy=\"1\" fifu-data-sizes=\"auto\" fifu-data-srcset=\"https:\/\/i1.wp.com\/www.interaccionnoticias.com.mx\/wp-content\/uploads\/2024\/08\/240822-Fosa-clandestina-1024x683.jpg?ssl=1&w=75&resize=75&ssl=1 75w, https:\/\/i1.wp.com\/www.interaccionnoticias.com.mx\/wp-content\/uploads\/2024\/08\/240822-Fosa-clandestina-1024x683.jpg?ssl=1&w=100&resize=100&ssl=1 100w, https:\/\/i1.wp.com\/www.interaccionnoticias.com.mx\/wp-content\/uploads\/2024\/08\/240822-Fosa-clandestina-1024x683.jpg?ssl=1&w=150&resize=150&ssl=1 150w, https:\/\/i1.wp.com\/www.interaccionnoticias.com.mx\/wp-content\/uploads\/2024\/08\/240822-Fosa-clandestina-1024x683.jpg?ssl=1&w=240&resize=240&ssl=1 240w, https:\/\/i1.wp.com\/www.interaccionnoticias.com.mx\/wp-content\/uploads\/2024\/08\/240822-Fosa-clandestina-1024x683.jpg?ssl=1&w=320&resize=320&ssl=1 320w, https:\/\/i1.wp.com\/www.interaccionnoticias.com.mx\/wp-content\/uploads\/2024\/08\/240822-Fosa-clandestina-1024x683.jpg?ssl=1&w=500&resize=500&ssl=1 500w, https:\/\/i1.wp.com\/www.interaccionnoticias.com.mx\/wp-content\/uploads\/2024\/08\/240822-Fosa-clandestina-1024x683.jpg?ssl=1&w=640&resize=640&ssl=1 640w, https:\/\/i1.wp.com\/www.interaccionnoticias.com.mx\/wp-content\/uploads\/2024\/08\/240822-Fosa-clandestina-1024x683.jpg?ssl=1&w=800&resize=800&ssl=1 800w, https:\/\/i1.wp.com\/www.interaccionnoticias.com.mx\/wp-content\/uploads\/2024\/08\/240822-Fosa-clandestina-1024x683.jpg?ssl=1&w=1024&resize=1024&ssl=1 1024w, https:\/\/i1.wp.com\/www.interaccionnoticias.com.mx\/wp-content\/uploads\/2024\/08\/240822-Fosa-clandestina-1024x683.jpg?ssl=1&w=1280&resize=1280&ssl=1 1280w, https:\/\/i1.wp.com\/www.interaccionnoticias.com.mx\/wp-content\/uploads\/2024\/08\/240822-Fosa-clandestina-1024x683.jpg?ssl=1&w=1600&resize=1600&ssl=1 1600w\" alt=\"\" class=\"wp-block-jetpack-slideshow_image wp-image-81132\" data-id=\"81132\" fifu-data-src=\"https:\/\/i1.wp.com\/www.interaccionnoticias.com.mx\/wp-content\/uploads\/2024\/08\/240822-Fosa-clandestina-1024x683.jpg?ssl=1\"\/><\/figure><\/li><li class=\"wp-block-jetpack-slideshow_slide swiper-slide\"><figure><img decoding=\"async\" src=\"data:image\/gif;base64,R0lGODlhAQABAIAAAAAAAP\/\/\/ywAAAAAAQABAAACAUwAOw==\" fifu-lazy=\"1\" fifu-data-sizes=\"auto\" fifu-data-srcset=\"https:\/\/i1.wp.com\/www.interaccionnoticias.com.mx\/wp-content\/uploads\/2024\/08\/240822-Fosa-clandestina-1-1024x683.jpg?ssl=1&w=75&resize=75&ssl=1 75w, https:\/\/i1.wp.com\/www.interaccionnoticias.com.mx\/wp-content\/uploads\/2024\/08\/240822-Fosa-clandestina-1-1024x683.jpg?ssl=1&w=100&resize=100&ssl=1 100w, https:\/\/i1.wp.com\/www.interaccionnoticias.com.mx\/wp-content\/uploads\/2024\/08\/240822-Fosa-clandestina-1-1024x683.jpg?ssl=1&w=150&resize=150&ssl=1 150w, https:\/\/i1.wp.com\/www.interaccionnoticias.com.mx\/wp-content\/uploads\/2024\/08\/240822-Fosa-clandestina-1-1024x683.jpg?ssl=1&w=240&resize=240&ssl=1 240w, https:\/\/i1.wp.com\/www.interaccionnoticias.com.mx\/wp-content\/uploads\/2024\/08\/240822-Fosa-clandestina-1-1024x683.jpg?ssl=1&w=320&resize=320&ssl=1 320w, https:\/\/i1.wp.com\/www.interaccionnoticias.com.mx\/wp-content\/uploads\/2024\/08\/240822-Fosa-clandestina-1-1024x683.jpg?ssl=1&w=500&resize=500&ssl=1 500w, https:\/\/i1.wp.com\/www.interaccionnoticias.com.mx\/wp-content\/uploads\/2024\/08\/240822-Fosa-clandestina-1-1024x683.jpg?ssl=1&w=640&resize=640&ssl=1 640w, https:\/\/i1.wp.com\/www.interaccionnoticias.com.mx\/wp-content\/uploads\/2024\/08\/240822-Fosa-clandestina-1-1024x683.jpg?ssl=1&w=800&resize=800&ssl=1 800w, https:\/\/i1.wp.com\/www.interaccionnoticias.com.mx\/wp-content\/uploads\/2024\/08\/240822-Fosa-clandestina-1-1024x683.jpg?ssl=1&w=1024&resize=1024&ssl=1 1024w, https:\/\/i1.wp.com\/www.interaccionnoticias.com.mx\/wp-content\/uploads\/2024\/08\/240822-Fosa-clandestina-1-1024x683.jpg?ssl=1&w=1280&resize=1280&ssl=1 1280w, https:\/\/i1.wp.com\/www.interaccionnoticias.com.mx\/wp-content\/uploads\/2024\/08\/240822-Fosa-clandestina-1-1024x683.jpg?ssl=1&w=1600&resize=1600&ssl=1 1600w\" alt=\"\" class=\"wp-block-jetpack-slideshow_image wp-image-81131\" data-id=\"81131\" fifu-data-src=\"https:\/\/i1.wp.com\/www.interaccionnoticias.com.mx\/wp-content\/uploads\/2024\/08\/240822-Fosa-clandestina-1-1024x683.jpg?ssl=1\"\/><\/figure><\/li><\/ul><a class=\"wp-block-jetpack-slideshow_button-prev swiper-button-prev swiper-button-white\" role=\"button\"><\/a><a class=\"wp-block-jetpack-slideshow_button-next swiper-button-next swiper-button-white\" role=\"button\"><\/a><a aria-label=\"Pause Slideshow\" class=\"wp-block-jetpack-slideshow_button-pause\" role=\"button\"><\/a><div class=\"wp-block-jetpack-slideshow_pagination swiper-pagination swiper-pagination-white\"><\/div><\/div><\/div>\n","protected":false},"excerpt":{"rendered":"<p>&#8212; Efectivos de la Sedena, Semar y FGE participan en b\u00fasqueda&#8212; Continuar\u00e1 el operativo en la zona Javier Trujillo Acapulco, Gro.- Entre la comunidad de Las Pozas y San Miguelito,&hellip; <\/p>\n","protected":false},"author":3,"featured_media":81131,"comment_status":"open","ping_status":"open","sticky":false,"template":"","format":"standard","meta":{"fifu_image_url":"","fifu_image_alt":"","footnotes":""},"categories":[27],"tags":[],"class_list":["post-81183","post","type-post","status-publish","format-standard","has-post-thumbnail","hentry","category-seguridad-publica"],"_links":{"self":[{"href":"https:\/\/www.interaccionnoticias.com.mx\/index.php?rest_route=\/wp\/v2\/posts\/81183","targetHints":{"allow":["GET"]}}],"collection":[{"href":"https:\/\/www.interaccionnoticias.com.mx\/index.php?rest_route=\/wp\/v2\/posts"}],"about":[{"href":"https:\/\/www.interaccionnoticias.com.mx\/index.php?rest_route=\/wp\/v2\/types\/post"}],"author":[{"embeddable":true,"href":"https:\/\/www.interaccionnoticias.com.mx\/index.php?rest_route=\/wp\/v2\/users\/3"}],"replies":[{"embeddable":true,"href":"https:\/\/www.interaccionnoticias.com.mx\/index.php?rest_route=%2Fwp%2Fv2%2Fcomments&post=81183"}],"version-history":[{"count":1,"href":"https:\/\/www.interaccionnoticias.com.mx\/index.php?rest_route=\/wp\/v2\/posts\/81183\/revisions"}],"predecessor-version":[{"id":81184,"href":"https:\/\/www.interaccionnoticias.com.mx\/index.php?rest_route=\/wp\/v2\/posts\/81183\/revisions\/81184"}],"wp:featuredmedia":[{"embeddable":true,"href":"https:\/\/www.interaccionnoticias.com.mx\/index.php?rest_route=\/wp\/v2\/media\/81131"}],"wp:attachment":[{"href":"https:\/\/www.interaccionnoticias.com.mx\/index.php?rest_route=%2Fwp%2Fv2%2Fmedia&parent=81183"}],"wp:term":[{"taxonomy":"category","embeddable":true,"href":"https:\/\/www.interaccionnoticias.com.mx\/index.php?rest_route=%2Fwp%2Fv2%2Fcategories&post=81183"},{"taxonomy":"post_tag","embeddable":true,"href":"https:\/\/www.interaccionnoticias.com.mx\/index.php?rest_route=%2Fwp%2Fv2%2Ftags&post=81183"}],"curies":[{"name":"wp","href":"https:\/\/api.w.org\/{rel}","templated":true}]}}