{"id":8117,"date":"2017-09-16T16:49:16","date_gmt":"2017-09-16T21:49:16","guid":{"rendered":"http:\/\/www.inter-accion.com.mx\/?p=8117"},"modified":"2017-09-16T16:49:16","modified_gmt":"2017-09-16T21:49:16","slug":"en-menos-de-40-minutos-desfilan-en-chilpancingo-solo-militares-policias-y-bomberos","status":"publish","type":"post","link":"https:\/\/www.interaccionnoticias.com.mx\/?p=8117","title":{"rendered":"En menos de 40 minutos, desfilan en Chilpancingo solo militares, polic\u00edas y bomberos"},"content":{"rendered":"<p><br \/>\n<strong>Por seguridad, excluyen a estudiantes<\/strong><br \/>\nEn menos de 40&nbsp;&nbsp;minutos, militares y polic\u00edas desfilaron en Chilpancingo con motivo del 207 aniversario del inicio de la Guerra de Independencia, por motivos de seguridad se excluy\u00f3 a los estudiantes de nivel b\u00e1sico.<br \/>\nEl inicio del desfile c\u00edvico militar estaba convocado para las 09:45 horas, pero ante la intensa lluvia que se registr\u00f3 durante la madrugada del s\u00e1bado 16 de septiembre, el gobierno estatal y la direcci\u00f3n de actividades c\u00edvicas acordaron dejar fuera del mismo a los estudiantes de secundaria que a\u00f1o con a\u00f1o participan.<br \/>\nEl argumento fue en el sentido de no exponer a los alumnos en caso de que se registrara una nueva precipitaci\u00f3n, lo que no sucedi\u00f3.<br \/>\nDe acuerdo con datos oficiales, por el agrupamiento de Fuerzas Armadas desfilaron 14 banderas hist\u00f3ricas; dos escoltas de bandera, 4 jefes, 37 oficiales, 653 elementos de tropa, 23 veh\u00edculos, dos plantas potabilizadoras de agua, dos embarcaciones y siete perros entrenados.<br \/>\nPor parte de la Polic\u00eda Federal (PF) desfilaron 8 unidades y 20 elementos. Por el agrupamiento de la Polic\u00eda Estatal (PE) 335 elementos, cuatro veh\u00edculos, 7 motocicletas, 21 semovientes y 7 perros.<br \/>\nLa Cruz roja particip\u00f3 con tres ambulancias y 20 elementos. Por el cuerpo de bomberos desfilaron 27 elementos y 8 veh\u00edculos, en tanto que Tr\u00e1nsito Estatal movi\u00f3 ocho elementos y tres veh\u00edculos.<br \/>\nEl Pentatl\u00f3n deportivo-militarizado 125 integrantes, el reporte del recorrido fue sin novedad.<br \/>\nEl gobernador H\u00e9ctor Astudillo Flores presidi\u00f3 la ceremonia, acompa\u00f1ado del comandante de la IX Regi\u00f3n Militar, Germ\u00e1n Javier Jim\u00e9nez Mendoza, adem\u00e1s de funcionarios como H\u00e9ctor Apreza Patr\u00f3n, secretario de Finanzas, el responsable de la Secretar\u00eda de Gobierno, Florencio Salazar Adame, el titular de la Fiscal\u00eda General del Estado (FGE), Javier Olea Pel\u00e1ez y el general Pedro Almaz\u00e1n Cervantes, secretario de Seguridad P\u00fablica.<br \/>\nAunque un grupo de bur\u00f3cratas exhibi\u00f3 una manta para denunciar que no hay soluci\u00f3n al paro iniciad hace cinco d\u00edas, reclamando el pago del seguro de vida a seis de sus compa\u00f1eros, la manifestaci\u00f3n no pas\u00f3 a mayores.<br \/>\n&nbsp;&nbsp;&nbsp;&nbsp;&nbsp;&nbsp;<\/p>\n","protected":false},"excerpt":{"rendered":"<p>Por seguridad, excluyen a estudiantes En menos de 40&nbsp;&nbsp;minutos, militares y polic\u00edas desfilaron en Chilpancingo con motivo del 207 aniversario del inicio de la Guerra de Independencia, por motivos de&hellip; <\/p>\n","protected":false},"author":1,"featured_media":0,"comment_status":"closed","ping_status":"closed","sticky":false,"template":"","format":"standard","meta":{"fifu_image_url":"","fifu_image_alt":"","footnotes":""},"categories":[8,11],"tags":[],"class_list":["post-8117","post","type-post","status-publish","format-standard","hentry","category-featured","category-guerrero"],"_links":{"self":[{"href":"https:\/\/www.interaccionnoticias.com.mx\/index.php?rest_route=\/wp\/v2\/posts\/8117","targetHints":{"allow":["GET"]}}],"collection":[{"href":"https:\/\/www.interaccionnoticias.com.mx\/index.php?rest_route=\/wp\/v2\/posts"}],"about":[{"href":"https:\/\/www.interaccionnoticias.com.mx\/index.php?rest_route=\/wp\/v2\/types\/post"}],"author":[{"embeddable":true,"href":"https:\/\/www.interaccionnoticias.com.mx\/index.php?rest_route=\/wp\/v2\/users\/1"}],"replies":[{"embeddable":true,"href":"https:\/\/www.interaccionnoticias.com.mx\/index.php?rest_route=%2Fwp%2Fv2%2Fcomments&post=8117"}],"version-history":[{"count":0,"href":"https:\/\/www.interaccionnoticias.com.mx\/index.php?rest_route=\/wp\/v2\/posts\/8117\/revisions"}],"wp:attachment":[{"href":"https:\/\/www.interaccionnoticias.com.mx\/index.php?rest_route=%2Fwp%2Fv2%2Fmedia&parent=8117"}],"wp:term":[{"taxonomy":"category","embeddable":true,"href":"https:\/\/www.interaccionnoticias.com.mx\/index.php?rest_route=%2Fwp%2Fv2%2Fcategories&post=8117"},{"taxonomy":"post_tag","embeddable":true,"href":"https:\/\/www.interaccionnoticias.com.mx\/index.php?rest_route=%2Fwp%2Fv2%2Ftags&post=8117"}],"curies":[{"name":"wp","href":"https:\/\/api.w.org\/{rel}","templated":true}]}}