{"id":80963,"date":"2024-08-15T19:00:00","date_gmt":"2024-08-16T00:00:00","guid":{"rendered":"https:\/\/www.interaccionnoticias.com.mx\/?p=80963"},"modified":"2024-08-16T16:55:33","modified_gmt":"2024-08-16T21:55:33","slug":"guerrero-sentencian-a-110-anos-de-prision-a-seis-personas-por-el-delito-de-secuestro","status":"publish","type":"post","link":"https:\/\/www.interaccionnoticias.com.mx\/?p=80963","title":{"rendered":"Guerrero: Sentencian a 110 a\u00f1os de prisi\u00f3n a seis personas por el delito de secuestro"},"content":{"rendered":"\n<p><strong><em>&#8212; El delito se cometi\u00f3 en 2015, en la capital del estado<\/em><\/strong><\/p>\n\n\n\n<p><strong>Rogelio Agust\u00edn<\/strong><\/p>\n\n\n\n<p>La Fiscal\u00eda General del Estado (FGE) consigui\u00f3 que un Juez penal dictara la sentencia condenatoria de 110 a\u00f1os de prisi\u00f3n en contra de seis personas, cuatro hombres y dos mujeres por un secuestro agravado, cometido en la capital del estado.<\/p>\n\n\n\n<p>La sanci\u00f3n dictada por el juez, recay\u00f3 en contra de Julio \u201cN\u201d, Roberto \u201cN\u201d, Juan \u201cN\u201d, Jessie \u201cN\u201d, Valeria \u201cN\u201d y Alfonso \u201cN\u201d por el delito de secuestro agravado, cometido en perjuicio de una v\u00edctima de identidad reservada, por los hechos ocurridos el 4 de mayo de a\u00f1o 2015.<\/p>\n\n\n\n<p>En un comunicado emitido la tarde del jueves, se se\u00f1ala que derivado de intensos trabajos de investigaci\u00f3n, la FGE logr\u00f3 la recaudaci\u00f3n de pruebas irrefutables para demostrar la participaci\u00f3n de los sentenciados en los hechos registrados hace ya nueve a\u00f1os<\/p>\n\n\n\n<p>En consecuencia, el Juez dict\u00f3 la sentencia de 110 a\u00f1os de prisi\u00f3n en contra de los acusados y el monto por la reparaci\u00f3n del da\u00f1o.<\/p>\n\n\n\n<p>No se aportaron m\u00e1s detalles sobre el asunto.<\/p>\n","protected":false},"excerpt":{"rendered":"<p>&#8212; El delito se cometi\u00f3 en 2015, en la capital del estado Rogelio Agust\u00edn La Fiscal\u00eda General del Estado (FGE) consigui\u00f3 que un Juez penal dictara la sentencia condenatoria de&hellip; <\/p>\n","protected":false},"author":21,"featured_media":80964,"comment_status":"open","ping_status":"open","sticky":false,"template":"","format":"standard","meta":{"fifu_image_url":"","fifu_image_alt":"","footnotes":""},"categories":[27],"tags":[],"class_list":["post-80963","post","type-post","status-publish","format-standard","has-post-thumbnail","hentry","category-seguridad-publica"],"_links":{"self":[{"href":"https:\/\/www.interaccionnoticias.com.mx\/index.php?rest_route=\/wp\/v2\/posts\/80963","targetHints":{"allow":["GET"]}}],"collection":[{"href":"https:\/\/www.interaccionnoticias.com.mx\/index.php?rest_route=\/wp\/v2\/posts"}],"about":[{"href":"https:\/\/www.interaccionnoticias.com.mx\/index.php?rest_route=\/wp\/v2\/types\/post"}],"author":[{"embeddable":true,"href":"https:\/\/www.interaccionnoticias.com.mx\/index.php?rest_route=\/wp\/v2\/users\/21"}],"replies":[{"embeddable":true,"href":"https:\/\/www.interaccionnoticias.com.mx\/index.php?rest_route=%2Fwp%2Fv2%2Fcomments&post=80963"}],"version-history":[{"count":1,"href":"https:\/\/www.interaccionnoticias.com.mx\/index.php?rest_route=\/wp\/v2\/posts\/80963\/revisions"}],"predecessor-version":[{"id":80965,"href":"https:\/\/www.interaccionnoticias.com.mx\/index.php?rest_route=\/wp\/v2\/posts\/80963\/revisions\/80965"}],"wp:featuredmedia":[{"embeddable":true,"href":"https:\/\/www.interaccionnoticias.com.mx\/index.php?rest_route=\/wp\/v2\/media\/80964"}],"wp:attachment":[{"href":"https:\/\/www.interaccionnoticias.com.mx\/index.php?rest_route=%2Fwp%2Fv2%2Fmedia&parent=80963"}],"wp:term":[{"taxonomy":"category","embeddable":true,"href":"https:\/\/www.interaccionnoticias.com.mx\/index.php?rest_route=%2Fwp%2Fv2%2Fcategories&post=80963"},{"taxonomy":"post_tag","embeddable":true,"href":"https:\/\/www.interaccionnoticias.com.mx\/index.php?rest_route=%2Fwp%2Fv2%2Ftags&post=80963"}],"curies":[{"name":"wp","href":"https:\/\/api.w.org\/{rel}","templated":true}]}}