{"id":80961,"date":"2024-08-15T18:52:00","date_gmt":"2024-08-15T23:52:00","guid":{"rendered":"https:\/\/www.interaccionnoticias.com.mx\/?p=80961"},"modified":"2024-08-16T16:52:38","modified_gmt":"2024-08-16T21:52:38","slug":"ni-modo-que-le-digamos-que-se-venga-para-aca-habla-felix-salgado-sobre-la-exclusion-de-manlio-fablio-beltrones","status":"publish","type":"post","link":"https:\/\/www.interaccionnoticias.com.mx\/?p=80961","title":{"rendered":"\u201cNi modo que le digamos que se venga para ac\u00e1\u201d, habla F\u00e9lix Salgado sobre la exclusi\u00f3n de Manlio Fablio Beltrones"},"content":{"rendered":"\n<p><strong><em>&#8212; Recuerda que el ex gobernador de Sonora intervino en el desafuero de AMLO, en 2005<br>&#8212; \u201cEn el PRI se est\u00e1n quedando solitos\u201d, dice ante colonos de Chilpancingo<\/em><\/strong><\/p>\n\n\n\n<p><strong>Rogelio Agust\u00edn<\/strong><\/p>\n\n\n\n<p>\u201cNi modo que le digamos que se venga para ac\u00e1\u201d, manifest\u00f3 el morenista F\u00e9lix Salgado Macedonio al referirse a la exclusi\u00f3n del ex gobernador de Sonora, Manlio Fabio Beltrones del Grupo parlamentario del PRI en el Senado de la Rep\u00fablica.<\/p>\n\n\n\n<p>Salgado Macedonio estuvo en un recorrido por colonias ubicadas en la periferia de Chilpancingo, en donde habl\u00f3 sobre diversos temas, entre ellos la situaci\u00f3n que guardan los partidos pol\u00edticos que el 2 de junio le diputaron el poder a MORENA.<\/p>\n\n\n\n<p>Dijo que el PAN ya casi no exste en el pa\u00eds, en tanto que el PRD \u201cya de acab\u00f3\u201d, pues a nivel nacional se ha quedado sin registro ante el Instituto Nacional Electoral (INE).<\/p>\n\n\n\n<p>Respecto al PRI asever\u00f3: \u201cEn el PRI se est\u00e1n quedando solitos\u201d.<\/p>\n\n\n\n<p>Agreg\u00f3: \u201cYa corrieron a (Manlio Fabio) Beltrones\u201d, en referencia a la determinaci\u00f3n de dejar al tambi\u00e9n ex dirigente nacional del PRI fuera del Grupo Parlamentario que coordina el guerrerense Manuel A\u00f1orve Ba\u00f1os.<\/p>\n\n\n\n<p>Indic\u00f3: \u201cLo corrieron pero ni modo qyue le digamos que se venga para ac\u00e1 (a MORENA)\u201d.<\/p>\n\n\n\n<p>La causa de que no se pueda dar dicha opci\u00f3n a Beltrones, es porque de acuerdo con Salgado, este intervino de manera activa en el proceso de desafuero que el hoy presidente de la Republica, Andr\u00e9s Manuel L\u00f3pez Obrador enfrent\u00f3 en 2005, cuando era jefe de Gobierno de la Ciudad de M\u00e9xico.<\/p>\n\n\n\n<p>Salgado Macedonio coment\u00f3 que este jueves no pudo estar en la Ciudad de M\u00e9xico, donde se realiz\u00f3 un evento sumamente importante para el pa\u00eds, ya que la ex jefa de Gobierno de la Ciudad de M\u00e9xico, Claudia Sheinbaum Pardo ya recibi\u00f3 la constancia que la acredita como presidenta electa de M\u00e9xico.<\/p>\n\n\n\n<p>Explic\u00f3 que tiene un problema de estr\u00e9s que se le ha manifestado en el cuello, aunque en el pasado tambi\u00e9n le ha perjudicado el est\u00f3mago y la espalda, por lo que incluso lleg\u00f3 a tomarse un asueto de trece d\u00edas.<\/p>\n\n\n\n<p>\u201cVolv\u00ed y a los pocos d\u00edas ya me volv\u00ed a descomponer, porque la gente llega y quiere que se le resuelvan los problemas y en lo que puede se apoya\u201d, destac\u00f3.<\/p>\n\n\n\n<p>Entre otras cosas, dijo que la presidenta electa tiene muy claros los problemas que se enfrentan en Guerrero, para el caso de Chilpancingo, lo m\u00e1s apremiante es el del suministro suficiente de agua potable y sobre eso se habr\u00e1 de trabajar.<\/p>\n","protected":false},"excerpt":{"rendered":"<p>&#8212; Recuerda que el ex gobernador de Sonora intervino en el desafuero de AMLO, en 2005&#8212; \u201cEn el PRI se est\u00e1n quedando solitos\u201d, dice ante colonos de Chilpancingo Rogelio Agust\u00edn&hellip; <\/p>\n","protected":false},"author":19,"featured_media":80943,"comment_status":"open","ping_status":"open","sticky":false,"template":"","format":"standard","meta":{"fifu_image_url":"","fifu_image_alt":"","footnotes":""},"categories":[21],"tags":[],"class_list":["post-80961","post","type-post","status-publish","format-standard","has-post-thumbnail","hentry","category-politica"],"_links":{"self":[{"href":"https:\/\/www.interaccionnoticias.com.mx\/index.php?rest_route=\/wp\/v2\/posts\/80961","targetHints":{"allow":["GET"]}}],"collection":[{"href":"https:\/\/www.interaccionnoticias.com.mx\/index.php?rest_route=\/wp\/v2\/posts"}],"about":[{"href":"https:\/\/www.interaccionnoticias.com.mx\/index.php?rest_route=\/wp\/v2\/types\/post"}],"author":[{"embeddable":true,"href":"https:\/\/www.interaccionnoticias.com.mx\/index.php?rest_route=\/wp\/v2\/users\/19"}],"replies":[{"embeddable":true,"href":"https:\/\/www.interaccionnoticias.com.mx\/index.php?rest_route=%2Fwp%2Fv2%2Fcomments&post=80961"}],"version-history":[{"count":1,"href":"https:\/\/www.interaccionnoticias.com.mx\/index.php?rest_route=\/wp\/v2\/posts\/80961\/revisions"}],"predecessor-version":[{"id":80962,"href":"https:\/\/www.interaccionnoticias.com.mx\/index.php?rest_route=\/wp\/v2\/posts\/80961\/revisions\/80962"}],"wp:featuredmedia":[{"embeddable":true,"href":"https:\/\/www.interaccionnoticias.com.mx\/index.php?rest_route=\/wp\/v2\/media\/80943"}],"wp:attachment":[{"href":"https:\/\/www.interaccionnoticias.com.mx\/index.php?rest_route=%2Fwp%2Fv2%2Fmedia&parent=80961"}],"wp:term":[{"taxonomy":"category","embeddable":true,"href":"https:\/\/www.interaccionnoticias.com.mx\/index.php?rest_route=%2Fwp%2Fv2%2Fcategories&post=80961"},{"taxonomy":"post_tag","embeddable":true,"href":"https:\/\/www.interaccionnoticias.com.mx\/index.php?rest_route=%2Fwp%2Fv2%2Ftags&post=80961"}],"curies":[{"name":"wp","href":"https:\/\/api.w.org\/{rel}","templated":true}]}}