{"id":80958,"date":"2024-08-15T18:38:00","date_gmt":"2024-08-15T23:38:00","guid":{"rendered":"https:\/\/www.interaccionnoticias.com.mx\/?p=80958"},"modified":"2024-08-16T16:47:49","modified_gmt":"2024-08-16T21:47:49","slug":"advierten-nuevas-protestas-en-ayutla-contra-iepc-por-la-eleccion-del-concejo-comunitario","status":"publish","type":"post","link":"https:\/\/www.interaccionnoticias.com.mx\/?p=80958","title":{"rendered":"Advierten nuevas protestas en Ayutla contra IEPC, por la elecci\u00f3n del Consejo Comunitario"},"content":{"rendered":"\n<p><strong><em>&#8212; Este viernes se llevar\u00e1 a cabo una marcha<\/em><\/strong><\/p>\n\n\n\n<p><strong>Rosario Garc\u00eda Orozco<\/strong><\/p>\n\n\n\n<p>Por considerar que hubo \u201cincongruencia e imposici\u00f3n\u201d por parte del Instituto Electoral y de Participaci\u00f3n Ciudadana (IEPC), al validar los resultados de dos asambleas del pasado 28 de julio, para la elecci\u00f3n por usos y costumbres de los integrantes del Concejo Comunitario municipal, habitantes de Ayutla de los Libres advirtieron que continuar\u00e1n con actos de protesta.<\/p>\n\n\n\n<p>La semana pasada los integrantes del grupos de mestizos y una parte de la etnia Tu\u2019un Savi bloquearon durante dos d\u00edas la carretera federal Ayutla-Cruz Grande, con el objetivo de exigir que se respeten los resultados de la asamblea celebrada en la Unidad Deportiva el pasado 28 de julio, espacio previamente aprobado para esa jornada electoral.<\/p>\n\n\n\n<p>V\u00edctor Manuel Villalva Carrillo, coordinador de la Mesa de Debates, de la asamblea de la Unidad Deportiva, inform\u00f3 que, pese a los procedimientos institucionales, en torno a los resultados de la elecci\u00f3n por sistema normativo interno, continuar\u00e1n con movilizaciones, porque hasta el momento no han sido respetados los acuerdos tomados en esa asamblea.<\/p>\n\n\n\n<p>Los inconformes exigen que sea respetada la desici\u00f3n de la asamblea que determin\u00f3 que sea Carmen Karina Salazar Berm\u00fadez, la coordinadora general del Concejo Municipal de Ayutla, en calidad de presidenta municipal, y no In\u00e9s Gatica Dircio, quien fue electa en una asamblea externa, y avalada por el IEPC.<\/p>\n\n\n\n<p>Villalva Carrillo inform\u00f3 que este viernes se llevar\u00e1 a cabo una marcha en Ayutla, misma que partir\u00e1 durante la ma\u00f1ana en la Unidad Deportiva y concluir\u00e1 en la plaza de la paz de la misma poblaci\u00f3n.<\/p>\n\n\n\n<p>Insisti\u00f3 en que los habitantes de Ayutla no permitir\u00e1n la imposici\u00f3n y el autoritarismo por parte del \u00f3rgano electoral y de la Comisi\u00f3n de Elecci\u00f3n del Sistema Normativo de Ayutla, y se garantice la estabilidad pol\u00edtica y social de la poblaci\u00f3n.<\/p>\n","protected":false},"excerpt":{"rendered":"<p>&#8212; Este viernes se llevar\u00e1 a cabo una marcha Rosario Garc\u00eda Orozco Por considerar que hubo \u201cincongruencia e imposici\u00f3n\u201d por parte del Instituto Electoral y de Participaci\u00f3n Ciudadana (IEPC), al&hellip; <\/p>\n","protected":false},"author":14,"featured_media":80944,"comment_status":"open","ping_status":"open","sticky":false,"template":"","format":"standard","meta":{"fifu_image_url":"","fifu_image_alt":"","footnotes":""},"categories":[23],"tags":[],"class_list":["post-80958","post","type-post","status-publish","format-standard","has-post-thumbnail","hentry","category-regionales"],"_links":{"self":[{"href":"https:\/\/www.interaccionnoticias.com.mx\/index.php?rest_route=\/wp\/v2\/posts\/80958","targetHints":{"allow":["GET"]}}],"collection":[{"href":"https:\/\/www.interaccionnoticias.com.mx\/index.php?rest_route=\/wp\/v2\/posts"}],"about":[{"href":"https:\/\/www.interaccionnoticias.com.mx\/index.php?rest_route=\/wp\/v2\/types\/post"}],"author":[{"embeddable":true,"href":"https:\/\/www.interaccionnoticias.com.mx\/index.php?rest_route=\/wp\/v2\/users\/14"}],"replies":[{"embeddable":true,"href":"https:\/\/www.interaccionnoticias.com.mx\/index.php?rest_route=%2Fwp%2Fv2%2Fcomments&post=80958"}],"version-history":[{"count":2,"href":"https:\/\/www.interaccionnoticias.com.mx\/index.php?rest_route=\/wp\/v2\/posts\/80958\/revisions"}],"predecessor-version":[{"id":80960,"href":"https:\/\/www.interaccionnoticias.com.mx\/index.php?rest_route=\/wp\/v2\/posts\/80958\/revisions\/80960"}],"wp:featuredmedia":[{"embeddable":true,"href":"https:\/\/www.interaccionnoticias.com.mx\/index.php?rest_route=\/wp\/v2\/media\/80944"}],"wp:attachment":[{"href":"https:\/\/www.interaccionnoticias.com.mx\/index.php?rest_route=%2Fwp%2Fv2%2Fmedia&parent=80958"}],"wp:term":[{"taxonomy":"category","embeddable":true,"href":"https:\/\/www.interaccionnoticias.com.mx\/index.php?rest_route=%2Fwp%2Fv2%2Fcategories&post=80958"},{"taxonomy":"post_tag","embeddable":true,"href":"https:\/\/www.interaccionnoticias.com.mx\/index.php?rest_route=%2Fwp%2Fv2%2Ftags&post=80958"}],"curies":[{"name":"wp","href":"https:\/\/api.w.org\/{rel}","templated":true}]}}