{"id":80956,"date":"2024-08-15T18:30:00","date_gmt":"2024-08-15T23:30:00","guid":{"rendered":"https:\/\/www.interaccionnoticias.com.mx\/?p=80956"},"modified":"2024-08-16T16:44:11","modified_gmt":"2024-08-16T21:44:11","slug":"es-una-legislatura-que-contrario-a-las-anteriores-en-la-recta-final-fue-muy-productiva-hector-apreza","status":"publish","type":"post","link":"https:\/\/www.interaccionnoticias.com.mx\/?p=80956","title":{"rendered":"Es una Legislatura que, contrario a las anteriores, en la recta final \u00abfue muy productiva\u00bb: H\u00e9ctor Apreza"},"content":{"rendered":"\n<p><strong><em>&#8212; Develan placa de la 63 legislatura del Congreso de Guerrero<br>&#8212; Se realiz\u00f3 tambi\u00e9n una ceremonia para la quema y reposici\u00f3n de la Bandera Nacional del Poder Legislativo<\/em><\/strong><\/p>\n\n\n\n<p><strong>Rosario Garc\u00eda Orozco<\/strong><\/p>\n\n\n\n<p>La LVIII Legislatura del Congreso Local, que est\u00e1 a 15 d\u00edas de concluir, a diferencia de las anteriores, en la recta final del periodo legislativo \u00abfue muy productiva\u00bb, asegur\u00f3 el coordinador de la fracci\u00f3n parlamentaria del PRI, durante la develaci\u00f3n de la placa conmemorativa a la actual legislatura.<\/p>\n\n\n\n<p>Durante el evento, diputadas y diputados de la LXIII Legislatura del Congreso Local develaron la placa que contiene los nombres de quienes componen \u00abla primer Legislatura de la paridad\u00bb, que culmina el 31 de agosto, explic\u00f3 la presidenta de la Mesa Directiva, Leticia Mosso Hern\u00e1ndez.<\/p>\n\n\n\n<p>\u00abPor primera vez 23 mujeres y 23 hombres estar\u00e1n inscritos en esta placa, en donde las mujeres demostramos que podemos estar enfrente de los dos \u00f3rganos m\u00e1ximos del Congreso local\u00bb, dijo la petista.<\/p>\n\n\n\n<p>Consider\u00f3 que durante los \u00faltimos 3 a\u00f1os, \u00ablas mujeres demostramos que podemos estar juntas frente a dos \u00f3rdenes de gobierno, el Poder Legislativo y el Poder Ejecutivo\u00bb.<\/p>\n\n\n\n<p>La presidenta de la Junta de Coordinaci\u00f3n Pol\u00edtica, Citlali Calixto Jim\u00e9nez se dijo satisfecha por los trabajos realizados por el Poder Legislativo, \u00abporque siempre perme\u00f3 el di\u00e1logo y el respeto entre todos, porque los temas tratados al interior de las comisiones tambi\u00e9n se socializaban entre las diversas fracciones parlamentarias y eso nos ayudo a que en el pleno se facilitar\u00e1 una discusi\u00f3n arm\u00f3nica y con respeto a la Ley\u00bb.<\/p>\n\n\n\n<p>El secretario de la Junta de Coordinaci\u00f3n Pol\u00edtica (Jucopo), H\u00e9ctor Apreza insisti\u00f3 en que la LVIII Legislatura es hist\u00f3rica, porque \u00abatendiendo a un reclamo, a una lucha insesante de d\u00e9cadas y d\u00e9cadas de las mujeres durante la anterior Legislatura se reform\u00f3 la Ley que permiti\u00f3 que esta Legislatura pudiera integrarse de manera paritaria\u00bb.<\/p>\n\n\n\n<p>Adem\u00e1s, est\u00e1 fue la \u00fanica Legislatura en la que los tres a\u00f1os la Mesa Directiva fue presidida por una mujer, \u00aby que no es un regalo de los hombres, es resultado de la lucha hist\u00f3rica de las mujeres, esto sin duda se tiene que decir contundentemente\u00bb.<\/p>\n\n\n\n<p>Agreg\u00f3 que durante las \u00faltimas 9 legislaturas, los \u00faltimos meses del periodo el trabajo, la productividad parlamentaria tiende a cero y no fe as\u00ed ahora, \u00abyo quiero hacer un reconocimiento a los diputados y diputadas que integran esta legislaturam, porque fue al rev\u00e9s, en los \u00faltimos meses la productividad parlamentaria fue notable\u00bb.<\/p>\n\n\n\n<p>Al hacer referencia a la placa que contiene los nombres de los integrantes de la LVIII Legislatura, Apreza Patr\u00f3n mencion\u00f3 que cada quien \u00ablleva la responsabilidad de la autoevaluaci\u00f3n, a m\u00ed me parece que \u00e9sta termina con creces. Felicidades por concluir de manera arm\u00f3nica y trabajando\u00bb.<\/p>\n\n\n\n<p>Previo a la develaci\u00f3n, los legisladores presenciaron la incineraci\u00f3n y reposici\u00f3n de la Bandera Nacional Mexicana ubicada en la explanada Centenario del Poder Legislativo.<\/p>\n","protected":false},"excerpt":{"rendered":"<p>&#8212; Develan placa de la 63 legislatura del Congreso de Guerrero&#8212; Se realiz\u00f3 tambi\u00e9n una ceremonia para la quema y reposici\u00f3n de la Bandera Nacional del Poder Legislativo Rosario Garc\u00eda&hellip; <\/p>\n","protected":false},"author":14,"featured_media":80945,"comment_status":"open","ping_status":"open","sticky":false,"template":"","format":"standard","meta":{"fifu_image_url":"","fifu_image_alt":"","footnotes":""},"categories":[2],"tags":[],"class_list":["post-80956","post","type-post","status-publish","format-standard","has-post-thumbnail","hentry","category-congreso"],"_links":{"self":[{"href":"https:\/\/www.interaccionnoticias.com.mx\/index.php?rest_route=\/wp\/v2\/posts\/80956","targetHints":{"allow":["GET"]}}],"collection":[{"href":"https:\/\/www.interaccionnoticias.com.mx\/index.php?rest_route=\/wp\/v2\/posts"}],"about":[{"href":"https:\/\/www.interaccionnoticias.com.mx\/index.php?rest_route=\/wp\/v2\/types\/post"}],"author":[{"embeddable":true,"href":"https:\/\/www.interaccionnoticias.com.mx\/index.php?rest_route=\/wp\/v2\/users\/14"}],"replies":[{"embeddable":true,"href":"https:\/\/www.interaccionnoticias.com.mx\/index.php?rest_route=%2Fwp%2Fv2%2Fcomments&post=80956"}],"version-history":[{"count":1,"href":"https:\/\/www.interaccionnoticias.com.mx\/index.php?rest_route=\/wp\/v2\/posts\/80956\/revisions"}],"predecessor-version":[{"id":80957,"href":"https:\/\/www.interaccionnoticias.com.mx\/index.php?rest_route=\/wp\/v2\/posts\/80956\/revisions\/80957"}],"wp:featuredmedia":[{"embeddable":true,"href":"https:\/\/www.interaccionnoticias.com.mx\/index.php?rest_route=\/wp\/v2\/media\/80945"}],"wp:attachment":[{"href":"https:\/\/www.interaccionnoticias.com.mx\/index.php?rest_route=%2Fwp%2Fv2%2Fmedia&parent=80956"}],"wp:term":[{"taxonomy":"category","embeddable":true,"href":"https:\/\/www.interaccionnoticias.com.mx\/index.php?rest_route=%2Fwp%2Fv2%2Fcategories&post=80956"},{"taxonomy":"post_tag","embeddable":true,"href":"https:\/\/www.interaccionnoticias.com.mx\/index.php?rest_route=%2Fwp%2Fv2%2Ftags&post=80956"}],"curies":[{"name":"wp","href":"https:\/\/api.w.org\/{rel}","templated":true}]}}