{"id":80950,"date":"2024-08-15T18:23:00","date_gmt":"2024-08-15T23:23:00","guid":{"rendered":"https:\/\/www.interaccionnoticias.com.mx\/?p=80950"},"modified":"2024-08-16T16:33:42","modified_gmt":"2024-08-16T21:33:42","slug":"de-las-cuatro-victimas-en-acapulco","status":"publish","type":"post","link":"https:\/\/www.interaccionnoticias.com.mx\/?p=80950","title":{"rendered":"De las cuatro v\u00edctimas en Acapulco"},"content":{"rendered":"\n<p><strong><em>&#8212; Una era menor de edad y norteamericana<br>&#8212; Este jueves fue reconocida por su familia<\/em><\/strong><\/p>\n\n\n\n<p><strong>Javier Trujillo<\/strong><\/p>\n\n\n\n<p><strong>Acapulco, Gro.-<\/strong> Entre las cuatro v\u00edctimas que fueron ultimadas en menos de tres horas el mi\u00e9rcoles en Acapulco, se revel\u00f3 que hab\u00eda una mujer de origen norteamericano y menor de edad, la cual fue torturada y decapitada.<\/p>\n\n\n\n<p>Adem\u00e1s, se report\u00f3 una fosa clandestina al interior de una casa ubicada en la colonia Villa Madero, entre las calles Vicente Vargas y Juan N \u00c1lvarez, donde se encontraba el cuerpo de un hombre.<\/p>\n\n\n\n<p>A trav\u00e9s de una ficha de b\u00fasqueda de \u201cLocatel\u201d, se inform\u00f3 que F\u00e1tima \u201cB\u201d de apenas 17 a\u00f1os de edad, se encontraba desaparecida desde el pasado 13 de agosto del 2024, seg\u00fan denuncia de sus familiares.<\/p>\n\n\n\n<p>La \u00faltima vez que fue vista en Ciudad Renacimiento, en Acapulco, se detall\u00f3 que ten\u00eda un lunar en el cuello, que era delgada, baja de estatura y llevaba indumentaria negra, un short de mezclilla y sandalias negras, cuando desapareci\u00f3.<\/p>\n\n\n\n<p>Ayer se inform\u00f3 que cuatro personas hab\u00edan sido privadas de la vida, tres de ellas por disparos de arma de grueso calibre y una m\u00e1s que fue torturada, decapitada y desmembrada para dejar sus restos en una camioneta.<\/p>\n\n\n\n<p>Este jueves familiares de la v\u00edctima, acudieron a identificar el cuerpo de la menor de edad, ante el Ministerio P\u00fablico, y posteriormente en el Servicio M\u00e9dico Forense (SEMEFO), para la entrega del cad\u00e1ver.<\/p>\n\n\n\n<p>En tanto, los cuerpos de las otras tres v\u00edctimas, asesinados a balazos, hasta el momento no han sido reclamados, por lo que contin\u00faan en calidad de desconocidos en la morgue del poblado de El Quemado.<\/p>\n\n\n\n<p>Del caso del cuerpo de un hombre se indica que fue sepultado en el patio de una vivienda, al parecer que serv\u00eda como casa de seguridad, pues estaba en calidad de abandonada por sus propietarios.<\/p>\n\n\n\n<p>Autoridades de la Fiscal\u00eda General del Estado, as\u00ed como de los Servicios Periciales, realizaron las diligencias y encontraron a la v\u00edctima atada con un cable de luz y una cadena con un candado.<\/p>\n\n\n\n<div class=\"wp-block-jetpack-slideshow aligncenter\" data-effect=\"slide\"><div class=\"wp-block-jetpack-slideshow_container swiper-container\"><ul class=\"wp-block-jetpack-slideshow_swiper-wrapper swiper-wrapper\"><li class=\"wp-block-jetpack-slideshow_slide swiper-slide\"><figure><img decoding=\"async\" src=\"data:image\/gif;base64,R0lGODlhAQABAIAAAAAAAP\/\/\/ywAAAAAAQABAAACAUwAOw==\" fifu-lazy=\"1\" fifu-data-sizes=\"auto\" fifu-data-srcset=\"https:\/\/i1.wp.com\/www.interaccionnoticias.com.mx\/wp-content\/uploads\/2024\/08\/240815-Fatima-Bello.jpg?ssl=1&w=75&resize=75&ssl=1 75w, https:\/\/i1.wp.com\/www.interaccionnoticias.com.mx\/wp-content\/uploads\/2024\/08\/240815-Fatima-Bello.jpg?ssl=1&w=100&resize=100&ssl=1 100w, https:\/\/i1.wp.com\/www.interaccionnoticias.com.mx\/wp-content\/uploads\/2024\/08\/240815-Fatima-Bello.jpg?ssl=1&w=150&resize=150&ssl=1 150w, https:\/\/i1.wp.com\/www.interaccionnoticias.com.mx\/wp-content\/uploads\/2024\/08\/240815-Fatima-Bello.jpg?ssl=1&w=240&resize=240&ssl=1 240w, https:\/\/i1.wp.com\/www.interaccionnoticias.com.mx\/wp-content\/uploads\/2024\/08\/240815-Fatima-Bello.jpg?ssl=1&w=320&resize=320&ssl=1 320w, https:\/\/i1.wp.com\/www.interaccionnoticias.com.mx\/wp-content\/uploads\/2024\/08\/240815-Fatima-Bello.jpg?ssl=1&w=500&resize=500&ssl=1 500w, https:\/\/i1.wp.com\/www.interaccionnoticias.com.mx\/wp-content\/uploads\/2024\/08\/240815-Fatima-Bello.jpg?ssl=1&w=640&resize=640&ssl=1 640w, https:\/\/i1.wp.com\/www.interaccionnoticias.com.mx\/wp-content\/uploads\/2024\/08\/240815-Fatima-Bello.jpg?ssl=1&w=800&resize=800&ssl=1 800w, https:\/\/i1.wp.com\/www.interaccionnoticias.com.mx\/wp-content\/uploads\/2024\/08\/240815-Fatima-Bello.jpg?ssl=1&w=1024&resize=1024&ssl=1 1024w, https:\/\/i1.wp.com\/www.interaccionnoticias.com.mx\/wp-content\/uploads\/2024\/08\/240815-Fatima-Bello.jpg?ssl=1&w=1280&resize=1280&ssl=1 1280w, https:\/\/i1.wp.com\/www.interaccionnoticias.com.mx\/wp-content\/uploads\/2024\/08\/240815-Fatima-Bello.jpg?ssl=1&w=1600&resize=1600&ssl=1 1600w\" alt=\"\" class=\"wp-block-jetpack-slideshow_image wp-image-80951\" data-id=\"80951\" fifu-data-src=\"https:\/\/i1.wp.com\/www.interaccionnoticias.com.mx\/wp-content\/uploads\/2024\/08\/240815-Fatima-Bello.jpg?ssl=1\"\/><\/figure><\/li><\/ul><a class=\"wp-block-jetpack-slideshow_button-prev swiper-button-prev swiper-button-white\" role=\"button\"><\/a><a class=\"wp-block-jetpack-slideshow_button-next swiper-button-next swiper-button-white\" role=\"button\"><\/a><a aria-label=\"Pause Slideshow\" class=\"wp-block-jetpack-slideshow_button-pause\" role=\"button\"><\/a><div class=\"wp-block-jetpack-slideshow_pagination swiper-pagination swiper-pagination-white\"><\/div><\/div><\/div>\n","protected":false},"excerpt":{"rendered":"<p>&#8212; Una era menor de edad y norteamericana&#8212; Este jueves fue reconocida por su familia Javier Trujillo Acapulco, Gro.- Entre las cuatro v\u00edctimas que fueron ultimadas en menos de tres&hellip; <\/p>\n","protected":false},"author":3,"featured_media":80952,"comment_status":"open","ping_status":"open","sticky":false,"template":"","format":"standard","meta":{"fifu_image_url":"","fifu_image_alt":"","footnotes":""},"categories":[27],"tags":[],"class_list":["post-80950","post","type-post","status-publish","format-standard","has-post-thumbnail","hentry","category-seguridad-publica"],"_links":{"self":[{"href":"https:\/\/www.interaccionnoticias.com.mx\/index.php?rest_route=\/wp\/v2\/posts\/80950","targetHints":{"allow":["GET"]}}],"collection":[{"href":"https:\/\/www.interaccionnoticias.com.mx\/index.php?rest_route=\/wp\/v2\/posts"}],"about":[{"href":"https:\/\/www.interaccionnoticias.com.mx\/index.php?rest_route=\/wp\/v2\/types\/post"}],"author":[{"embeddable":true,"href":"https:\/\/www.interaccionnoticias.com.mx\/index.php?rest_route=\/wp\/v2\/users\/3"}],"replies":[{"embeddable":true,"href":"https:\/\/www.interaccionnoticias.com.mx\/index.php?rest_route=%2Fwp%2Fv2%2Fcomments&post=80950"}],"version-history":[{"count":1,"href":"https:\/\/www.interaccionnoticias.com.mx\/index.php?rest_route=\/wp\/v2\/posts\/80950\/revisions"}],"predecessor-version":[{"id":80953,"href":"https:\/\/www.interaccionnoticias.com.mx\/index.php?rest_route=\/wp\/v2\/posts\/80950\/revisions\/80953"}],"wp:featuredmedia":[{"embeddable":true,"href":"https:\/\/www.interaccionnoticias.com.mx\/index.php?rest_route=\/wp\/v2\/media\/80952"}],"wp:attachment":[{"href":"https:\/\/www.interaccionnoticias.com.mx\/index.php?rest_route=%2Fwp%2Fv2%2Fmedia&parent=80950"}],"wp:term":[{"taxonomy":"category","embeddable":true,"href":"https:\/\/www.interaccionnoticias.com.mx\/index.php?rest_route=%2Fwp%2Fv2%2Fcategories&post=80950"},{"taxonomy":"post_tag","embeddable":true,"href":"https:\/\/www.interaccionnoticias.com.mx\/index.php?rest_route=%2Fwp%2Fv2%2Ftags&post=80950"}],"curies":[{"name":"wp","href":"https:\/\/api.w.org\/{rel}","templated":true}]}}