{"id":80948,"date":"2024-08-15T18:22:00","date_gmt":"2024-08-15T23:22:00","guid":{"rendered":"https:\/\/www.interaccionnoticias.com.mx\/?p=80948"},"modified":"2024-08-16T16:27:09","modified_gmt":"2024-08-16T21:27:09","slug":"pipa-de-agua-choca-contra-poste-de-luz-en-la-escenica","status":"publish","type":"post","link":"https:\/\/www.interaccionnoticias.com.mx\/?p=80948","title":{"rendered":"Pipa de agua choca contra poste de luz en la Esc\u00e9nica"},"content":{"rendered":"\n<p><em><strong>&#8212; Se presume conduc\u00eda a exceso de velocidad y perdi\u00f3 el control<br>&#8212; El accidente ocasion\u00f3 el cierre en ambos sentidos de la v\u00eda<\/strong><\/em><\/p>\n\n\n\n<p><strong>Javier Trujillo<\/strong><\/p>\n\n\n\n<p><strong>Acapulco, Gro.-<\/strong> Una pipa de agua, presuntamente conducida a exceso de velocidad choc\u00f3 contra un poste en la carretera Esc\u00e9nica, en la exclusiva zona residencial de La Cima, y ocasion\u00f3 el cierre total de la vialidad.<\/p>\n\n\n\n<p>Adem\u00e1s, dejar\u00e1 sin servicio el\u00e9ctrico al menos durante tres a cuatro horas la exclusiva zona residencial de La Cima, Las Brisas, entre otras que se encuentran asentadas en la zona del Acapulco Diamante.<\/p>\n\n\n\n<p>Cerca de la zona donde ocurri\u00f3 el accidente, est\u00e1 un filtro de vigilancia y seguridad con un radar para medir el exceso de velocidad de los automovilistas, por agentes de la Polic\u00eda de Tr\u00e1nsito Estatal, quienes tras el choque cerraron ambos sentidos de la carretera.<\/p>\n\n\n\n<p>Fueron colocados conos y de inmediato se inform\u00f3 a los conductores del servicio p\u00fablico y los particulares que deber\u00edan regresar porque quedaba suspendido el tr\u00e1fico en esa zona, por lo menos las pr\u00f3ximas tres horas.<\/p>\n\n\n\n<p>M\u00e1s tarde, arrib\u00f3 personal de la Comisi\u00f3n Federal de Electricidad (CFE), para iniciar las labores y reparar los da\u00f1os ocasionados por el conductor de la pipa de agua, y confirmaron que no habr\u00eda energ\u00eda el\u00e9ctrica.<\/p>\n\n\n\n<p>Por lo anterior, cientos de automovilistas, camiones de carga, particulares y taxis del servicio p\u00fablico, debieron regresar y pasar por el Maxi t\u00fanel.<\/p>\n","protected":false},"excerpt":{"rendered":"<p>&#8212; Se presume conduc\u00eda a exceso de velocidad y perdi\u00f3 el control&#8212; El accidente ocasion\u00f3 el cierre en ambos sentidos de la v\u00eda Javier Trujillo Acapulco, Gro.- Una pipa de&hellip; <\/p>\n","protected":false},"author":3,"featured_media":80947,"comment_status":"open","ping_status":"open","sticky":false,"template":"","format":"standard","meta":{"fifu_image_url":"","fifu_image_alt":"","footnotes":""},"categories":[242],"tags":[],"class_list":["post-80948","post","type-post","status-publish","format-standard","has-post-thumbnail","hentry","category-acapulco"],"_links":{"self":[{"href":"https:\/\/www.interaccionnoticias.com.mx\/index.php?rest_route=\/wp\/v2\/posts\/80948","targetHints":{"allow":["GET"]}}],"collection":[{"href":"https:\/\/www.interaccionnoticias.com.mx\/index.php?rest_route=\/wp\/v2\/posts"}],"about":[{"href":"https:\/\/www.interaccionnoticias.com.mx\/index.php?rest_route=\/wp\/v2\/types\/post"}],"author":[{"embeddable":true,"href":"https:\/\/www.interaccionnoticias.com.mx\/index.php?rest_route=\/wp\/v2\/users\/3"}],"replies":[{"embeddable":true,"href":"https:\/\/www.interaccionnoticias.com.mx\/index.php?rest_route=%2Fwp%2Fv2%2Fcomments&post=80948"}],"version-history":[{"count":1,"href":"https:\/\/www.interaccionnoticias.com.mx\/index.php?rest_route=\/wp\/v2\/posts\/80948\/revisions"}],"predecessor-version":[{"id":80949,"href":"https:\/\/www.interaccionnoticias.com.mx\/index.php?rest_route=\/wp\/v2\/posts\/80948\/revisions\/80949"}],"wp:featuredmedia":[{"embeddable":true,"href":"https:\/\/www.interaccionnoticias.com.mx\/index.php?rest_route=\/wp\/v2\/media\/80947"}],"wp:attachment":[{"href":"https:\/\/www.interaccionnoticias.com.mx\/index.php?rest_route=%2Fwp%2Fv2%2Fmedia&parent=80948"}],"wp:term":[{"taxonomy":"category","embeddable":true,"href":"https:\/\/www.interaccionnoticias.com.mx\/index.php?rest_route=%2Fwp%2Fv2%2Fcategories&post=80948"},{"taxonomy":"post_tag","embeddable":true,"href":"https:\/\/www.interaccionnoticias.com.mx\/index.php?rest_route=%2Fwp%2Fv2%2Ftags&post=80948"}],"curies":[{"name":"wp","href":"https:\/\/api.w.org\/{rel}","templated":true}]}}