{"id":80939,"date":"2024-08-15T17:31:00","date_gmt":"2024-08-15T22:31:00","guid":{"rendered":"https:\/\/www.interaccionnoticias.com.mx\/?p=80939"},"modified":"2024-08-16T16:40:57","modified_gmt":"2024-08-16T21:40:57","slug":"63-legislatura-deja-un-marco-legal-mas-adecuado-para-guerrero","status":"publish","type":"post","link":"https:\/\/www.interaccionnoticias.com.mx\/?p=80939","title":{"rendered":"63 Legislatura deja un marco legal m\u00e1s adecuado para Guerrero"},"content":{"rendered":"\n<p><strong><em>&#8212; Grupo Parlamentario de Morena asegura que se va \u00abcon la frente en alto\u00bb<br>&#8212; Despenalizaci\u00f3n del aborto, matrimonios igualitarios y erradicaci\u00f3n de los matrimonios infantiles, entre lo aprobado en el Congreso de Guerrero<\/em><\/strong><\/p>\n\n\n\n<p><strong>Rosario Garc\u00eda Orozco<\/strong><\/p>\n\n\n\n<p>Culminamos una Legislatura con el deber cumplido\u00bb, asegur\u00f3 la coordinadora del grupo parlamentario de Morena en el Congreso Local, Gloria Citlali Calixto Jim\u00e9nez.<\/p>\n\n\n\n<p>En conferencia de prensa, y acompa\u00f1ada por 16 legisladores de ese partido, de los 21 que conforman esa fracci\u00f3n, la tambi\u00e9n presidenta de la Junta de Coordinaci\u00f3n Pol\u00edtica (Jucopo), sostuvo que los diputados ahora \u00abvemos al pueblo de Guerrero con la frente en alto. Sabemos que culminamos una Legislatura con el deber cumplido\u00bb,<\/p>\n\n\n\n<p>En el encuentro con representantes de los medios de comunicaci\u00f3n, Calixto Jim\u00e9nez consider\u00f3 que la LVIII logr\u00f3 que \u00abhoy Guerrero cuente con un marco jur\u00eddico m\u00e1s acorde a lo que se viv\u00eda aqu\u00ed hace tres a\u00f1os\u00bb.<\/p>\n\n\n\n<p>Enfatiz\u00f3 que en Guerrero la cuarta transformaci\u00f3n avanza, \u00aby estamos seguros y seguras de que la pr\u00f3xima Legislatura habr\u00e1 de darle continuidad a este gran proyecto, ahora bajo la direcci\u00f3n de la primer mujer presidenta, Claudia Sheinbaum Pardo, y con la coordinaci\u00f3n con la gobernadora Evelyn Salgado Pineda\u00bb.<\/p>\n\n\n\n<p>Como parte del informe de actividades legislativas que present\u00f3 la coordinadora de Morena en el Congreso de Guerrero, explic\u00f3 que con el paso del hucar\u00e1n Otis, \u00abcomo grupo legislativo nos unimos y emprendimos acciones emergentes para ayudar a la recuperaci\u00f3n econ\u00f3mica del puerto de Acapulco\u00bb.<\/p>\n\n\n\n<p>Mientras que sobre las demandas \u00abhist\u00f3ricas\u00bb, como la creaci\u00f3n de los nuevos municipios \u00d1un Savi, Las Vigas, Santa Cruz del Rinc\u00f3n y San Nicol\u00e1s, \u00abya que tomamos los acuerdos necesarios para darle gobernabilidad y certeza jur\u00eddica a sus habitantes\u00bb.<\/p>\n\n\n\n<p>A 15 d\u00edas de que concluya la LXIII Legislatura, la fracci\u00f3n parlamentaria de Morena inform\u00f3 que fue congruente con los postulados que dieron origen a ese partido y que se plasm\u00f3 en 15 ejes, \u00abde los cuales se lograron avances significativos gracias a la capacidad de di\u00e1logo, consenso y sobre todo gracias a la unidad que ha permeado en este grupo parlamentario\u00bb.<\/p>\n\n\n\n<p>De tal manera que en materia de presupuesto social, austeridad y modernizaci\u00f3n adminsitrativa \u00abaprobamos una nueva Ley Org\u00e1nica de la administraci\u00f3n p\u00fablica del estado de Guerrero y la Ley de Austeridad para modernizar el ejercicio del gasto p\u00fablico\u00bb, iniciativas presentadas por la gobernadora Evelyn Salgado Pineda.<\/p>\n\n\n\n<p>Agreg\u00f3 que se presentaron propuestas de iniciativas a cordes a la realidad social de los grupos m\u00e1s vulnerados e impulsaron el avance del proyecto de ley en Materia de consulta ind\u00edgena y afromexicana del estado de Guerrero, lo que permiti\u00f3 gestionar m\u00e1s recursos para los pueblos y comunidades ind\u00edgenas y afromexicanas.<\/p>\n\n\n\n<p>Aunado a ello, se present\u00f3 y aprob\u00f3 la reforma integral a la Ley de Salud para garantizar que la poblaci\u00f3n joven tenga derecho y pleno acceso a la educaci\u00f3n sexual y reproductiva, as\u00ed como reformas al C\u00f3digo Penal de la Ley de Salud para regular la interrupci\u00f3n legal del embarazo, con respeto al derecho a decidir, evitando condiciones insalubres y clandestinas, dijo la legisladora.<\/p>\n\n\n\n<p>Otro de los temas atendidos en materia de salud, dijo la morenista, fue la tipificaci\u00f3n del robo de medicamentos, que ser\u00e1 agravado cuando \u00e9ste se cometa por parte de servidores p\u00fablicos, y se aprob\u00f3 la tipificacion de la violencia obst\u00e9trica.<\/p>\n\n\n\n<p>Hizo \u00e9nfasis al referirse a las reformas a la Ley 701 en materia de derechos para las personas y comunidades ind\u00edgenas y afromexicanas, producto de la consulta a los pueblos originarios, que fue la primera avalada por la Suprema Corte de Justicia de la Naci\u00f3n.<\/p>\n\n\n\n<p>Adem\u00e1s se aprob\u00f3 la Ley de Uso de Tecnolog\u00edas de Comunicaci\u00f3n para la seguridad p\u00fablica, y la nueva Ley del Sistema de Seguridad P\u00fablica, para eficientar los procesos de investigaci\u00f3n y prevenci\u00f3n del delito.<\/p>\n\n\n\n<p>Sostuvo que se fortalecieron los mecanismos de prevenci\u00f3n y atenci\u00f3n en materia de violencia de g\u00e9nero, como la pol\u00edtica, la reproductiva, la vicaria y la digital, y se aprob\u00f3 la reforma al C\u00f3digo Civil para garantizar que las parejas del mismo sexo puedan acceder a las figuras del matrimonio y del concubinato.<\/p>\n\n\n\n<p>Otra de las reformas a la que se refiri\u00f3 fue la de la Ley Electoral, para instaurar acciones afirmativas en favor de la poblaci\u00f3n ind\u00edgena, afromexicana, LGBT y personas con discapacidad, \u00abpara reducir la deuda hist\u00f3rica con esos grupos vulnerables\u00bb.<\/p>\n\n\n\n<p>Enfatiz\u00f3 las reformas presentadas y aprobadas para prohibir conductas relacionadas con los matrimonios infantiles y la venta de ni\u00f1as.<\/p>\n\n\n\n<p>En tanto que en lo referente al \u00e1mbito educativo, se crearon la Universidad Virtual de Guerrero, la Universidad Polit\u00e9cnica de Coyuca de Ben\u00edtez y la Universidad Tecon\u00f3gica y Polit\u00e9cnica de la Sierra de Guerrero.<\/p>\n","protected":false},"excerpt":{"rendered":"<p>&#8212; Grupo Parlamentario de Morena asegura que se va \u00abcon la frente en alto\u00bb&#8212; Despenalizaci\u00f3n del aborto, matrimonios igualitarios y erradicaci\u00f3n de los matrimonios infantiles, entre lo aprobado en el&hellip; <\/p>\n","protected":false},"author":14,"featured_media":80940,"comment_status":"open","ping_status":"open","sticky":false,"template":"","format":"standard","meta":{"fifu_image_url":"","fifu_image_alt":"","footnotes":""},"categories":[2],"tags":[],"class_list":["post-80939","post","type-post","status-publish","format-standard","has-post-thumbnail","hentry","category-congreso"],"_links":{"self":[{"href":"https:\/\/www.interaccionnoticias.com.mx\/index.php?rest_route=\/wp\/v2\/posts\/80939","targetHints":{"allow":["GET"]}}],"collection":[{"href":"https:\/\/www.interaccionnoticias.com.mx\/index.php?rest_route=\/wp\/v2\/posts"}],"about":[{"href":"https:\/\/www.interaccionnoticias.com.mx\/index.php?rest_route=\/wp\/v2\/types\/post"}],"author":[{"embeddable":true,"href":"https:\/\/www.interaccionnoticias.com.mx\/index.php?rest_route=\/wp\/v2\/users\/14"}],"replies":[{"embeddable":true,"href":"https:\/\/www.interaccionnoticias.com.mx\/index.php?rest_route=%2Fwp%2Fv2%2Fcomments&post=80939"}],"version-history":[{"count":1,"href":"https:\/\/www.interaccionnoticias.com.mx\/index.php?rest_route=\/wp\/v2\/posts\/80939\/revisions"}],"predecessor-version":[{"id":80941,"href":"https:\/\/www.interaccionnoticias.com.mx\/index.php?rest_route=\/wp\/v2\/posts\/80939\/revisions\/80941"}],"wp:featuredmedia":[{"embeddable":true,"href":"https:\/\/www.interaccionnoticias.com.mx\/index.php?rest_route=\/wp\/v2\/media\/80940"}],"wp:attachment":[{"href":"https:\/\/www.interaccionnoticias.com.mx\/index.php?rest_route=%2Fwp%2Fv2%2Fmedia&parent=80939"}],"wp:term":[{"taxonomy":"category","embeddable":true,"href":"https:\/\/www.interaccionnoticias.com.mx\/index.php?rest_route=%2Fwp%2Fv2%2Fcategories&post=80939"},{"taxonomy":"post_tag","embeddable":true,"href":"https:\/\/www.interaccionnoticias.com.mx\/index.php?rest_route=%2Fwp%2Fv2%2Ftags&post=80939"}],"curies":[{"name":"wp","href":"https:\/\/api.w.org\/{rel}","templated":true}]}}