{"id":80924,"date":"2024-08-15T15:49:58","date_gmt":"2024-08-15T20:49:58","guid":{"rendered":"https:\/\/www.interaccionnoticias.com.mx\/?p=80924"},"modified":"2024-08-15T15:50:01","modified_gmt":"2024-08-15T20:50:01","slug":"a-casi-10-anos-no-hay-avances-en-el-asesinato-de-julio-cesar-mondragon-fontes","status":"publish","type":"post","link":"https:\/\/www.interaccionnoticias.com.mx\/?p=80924","title":{"rendered":"A casi 10 a\u00f1os, no hay avances en el asesinato de Julio C\u00e9sar Mondrag\u00f3n Fontes"},"content":{"rendered":"\n<p><strong><em>&#8212; Estado no envi\u00f3 la informaci\u00f3n requerida por los familiares y sus representantes legales<\/em><\/strong><\/p>\n\n\n\n<p><strong>Jes\u00fas Dorantes<\/strong><\/p>\n\n\n\n<p><strong>Chilpancingo, Gro.- <\/strong>El pr\u00f3ximo 27 de septiembre se cumplir\u00e1n 10 a\u00f1os de que el Julio C\u00e9sar Mondrag\u00f3n Fontes, estudiante de la Normal Rural de Ayotzinapa fuera encontrado muerto y desollado en el municipio de Iguala de la Independencia, tras los ataques perpetrados la noche anterior en la cabecera municipal de Iguala.<\/p>\n\n\n\n<p>Hasta la fecha, sus familiares se\u00f1alan que no existe justicia para \u00e9l, que se ha conevertido en una de las figuras m\u00e1s representativas del nivel de la crueldad desatada en contra de los j\u00f3venes normalistas.<\/p>\n\n\n\n<p>La organizaci\u00f3n de Derechos Humanos Red Solidaria D\u00e9cada Contra la Impunidad A.C (RSDCIAC), que representan jur\u00eddicamente a la familia de Mondrag\u00f3n Fontes, solicit\u00f3 al Estado Mexicano el 27 de diciembre del 2023, que presentara informaci\u00f3n concreta sobre dicho caso.<\/p>\n\n\n\n<p>La solicitud ten\u00eda un plazo de hasta cuatro meses, pero no han recibido ninguna respuesta.<\/p>\n\n\n\n<p>La RSDCIAC recuerda que la noche del 26 de septiembre del 2014, en Iguala no solo fueron desaparecidos 43 estudiantes de la Normal Rural, ese mismo d\u00eda Julio C\u00e9sar fue detenido torturado y despu\u00e9s ejecutado con violencia extrema, pues le fue arrancada la piel del rostro y sus captores le extrajeron los ojos.<\/p>\n\n\n\n<p>A un mes de que se cumpla una d\u00e9cada del caso se\u00f1alan los familiares del joven normalista de primer a\u00f1o, que \u201cno se ha realizado ninguna investigaci\u00f3n seria transparente y expedita\u201d.<\/p>\n\n\n\n<p>Por esa razon solicitaron a la Comisi\u00f3n Interamericana de Derechos Humanos (CIDH) inicie la realizaci\u00f3n del diferimiento del examen de la admisibilidad hasta el debate y decisi\u00f3n sobre el fondo del caso, para que llegue la justicia a quien es una v\u00edctima m\u00e1s de la llamada noche de Iguala.<\/p>\n","protected":false},"excerpt":{"rendered":"<p>&#8212; Estado no envi\u00f3 la informaci\u00f3n requerida por los familiares y sus representantes legales Jes\u00fas Dorantes Chilpancingo, Gro.- El pr\u00f3ximo 27 de septiembre se cumplir\u00e1n 10 a\u00f1os de que el&hellip; <\/p>\n","protected":false},"author":8,"featured_media":80925,"comment_status":"open","ping_status":"open","sticky":false,"template":"","format":"standard","meta":{"fifu_image_url":"","fifu_image_alt":"","footnotes":""},"categories":[29],"tags":[],"class_list":["post-80924","post","type-post","status-publish","format-standard","has-post-thumbnail","hentry","category-sociedad"],"_links":{"self":[{"href":"https:\/\/www.interaccionnoticias.com.mx\/index.php?rest_route=\/wp\/v2\/posts\/80924","targetHints":{"allow":["GET"]}}],"collection":[{"href":"https:\/\/www.interaccionnoticias.com.mx\/index.php?rest_route=\/wp\/v2\/posts"}],"about":[{"href":"https:\/\/www.interaccionnoticias.com.mx\/index.php?rest_route=\/wp\/v2\/types\/post"}],"author":[{"embeddable":true,"href":"https:\/\/www.interaccionnoticias.com.mx\/index.php?rest_route=\/wp\/v2\/users\/8"}],"replies":[{"embeddable":true,"href":"https:\/\/www.interaccionnoticias.com.mx\/index.php?rest_route=%2Fwp%2Fv2%2Fcomments&post=80924"}],"version-history":[{"count":1,"href":"https:\/\/www.interaccionnoticias.com.mx\/index.php?rest_route=\/wp\/v2\/posts\/80924\/revisions"}],"predecessor-version":[{"id":80926,"href":"https:\/\/www.interaccionnoticias.com.mx\/index.php?rest_route=\/wp\/v2\/posts\/80924\/revisions\/80926"}],"wp:featuredmedia":[{"embeddable":true,"href":"https:\/\/www.interaccionnoticias.com.mx\/index.php?rest_route=\/wp\/v2\/media\/80925"}],"wp:attachment":[{"href":"https:\/\/www.interaccionnoticias.com.mx\/index.php?rest_route=%2Fwp%2Fv2%2Fmedia&parent=80924"}],"wp:term":[{"taxonomy":"category","embeddable":true,"href":"https:\/\/www.interaccionnoticias.com.mx\/index.php?rest_route=%2Fwp%2Fv2%2Fcategories&post=80924"},{"taxonomy":"post_tag","embeddable":true,"href":"https:\/\/www.interaccionnoticias.com.mx\/index.php?rest_route=%2Fwp%2Fv2%2Ftags&post=80924"}],"curies":[{"name":"wp","href":"https:\/\/api.w.org\/{rel}","templated":true}]}}